{"id":207893,"date":"2011-08-11T00:00:00","date_gmt":"2011-08-11T00:00:00","guid":{"rendered":"https:\/\/www.ecuadortimes.net\/es\/copa-mundial-sub-20-ecuador-fue-eliminado\/"},"modified":"2011-08-11T00:00:00","modified_gmt":"2011-08-11T00:00:00","slug":"copa-mundial-sub-20-ecuador-fue-eliminado","status":"publish","type":"post","link":"https:\/\/www.ecuadortimes.net\/es\/copa-mundial-sub-20-ecuador-fue-eliminado\/","title":{"rendered":"Copa Mundial Sub-20: Ecuador fue eliminado"},"content":{"rendered":"<div id=\"attachment_37032\" style=\"width: 310px\" class=\"wp-caption alignright\"><a href=\"http:\/\/www.ecuadortimes.net\/es\/2011\/08\/11\/copa-mundial-sub-20-ecuador-fue-eliminado\/mundial-sub20-francia-ecuador-300x180-2\/\" rel=\"attachment wp-att-37032\"><img aria-describedby=\"caption-attachment-37032\" loading=\"lazy\" class=\"size-full wp-image-37032\" title=\"Antoine Griezmann anot\u00f3 el gol que descalific\u00f3 a Ecuador de la Copa Mundial sub-20\" src=\"http:\/\/media.ecuadortimes.net\/2011\/08\/Mundial-Sub20-Francia-Ecuador-300x1801.jpeg\" alt=\"Antoine Griezmann anot\u00f3 el gol que descalific\u00f3 a Ecuador de la Copa Mundial sub-20\" width=\"300\" height=\"180\" \/><\/a><p id=\"caption-attachment-37032\" class=\"wp-caption-text\">Antoine Griezmann anot\u00f3 el gol que descalific\u00f3 a Ecuador de la Copa Mundial sub-20<\/p><\/div>\n<p>Debido a la falta de precisi\u00f3n de la Tri, la selecci\u00f3n francesa termin\u00f3 el partido con un marcador final de 1-0\u00a0que elimin\u00f3 a la selecci\u00f3n ecuatoriana del <strong><a href=\"http:\/\/www.ecuadortimes.net\/es\/2011\/08\/07\/ecuador-en-octavos-de-final-en-mundial-sub-20\/\">Sub 20<\/a><\/strong>.\u00a0Los Ecuatorianos ten\u00edan una ventaja debido a la humedad de Cartagena, la cual es muy familiar a la de su pa\u00eds. Este clima afect\u00f3 el desempe\u00f1o de los franceses.<\/p>\n<p>La Tri fall\u00f3 varias oportunidades y tiros a la porter\u00eda, la selecci\u00f3n francesa a\u00f1adi\u00f3 el gol de la victoria durante el segundo tiempo. En el minuto 75, el jugador franc\u00e9s Gueida Fofana hizo un pase vac\u00edo que fue aprovechado por su compa\u00f1ero Antoine Griezmann quien anot\u00f3 el tanto que descalific\u00f3 a los ecuatorianos de la Copa Mundial Sub-20. (AV)<\/p>\n<p>Fuente: Diario El Universo<\/p>\n","protected":false},"excerpt":{"rendered":"<p>Debido a la falta de precisi\u00f3n de la Tri, la selecci\u00f3n francesa termin\u00f3 el partido con un marcador final de 1-0\u00a0que elimin\u00f3 a la selecci\u00f3n ecuatoriana del Sub 20.\u00a0Los Ecuatorianos ten\u00edan una ventaja debido a la humedad de Cartagena, la cual es muy familiar a la de su pa\u00eds. Este clima afect\u00f3 el desempe\u00f1o de los franceses. La Tri fall\u00f3 varias oportunidades y tiros a la porter\u00eda, la selecci\u00f3n francesa a\u00f1adi\u00f3 el gol de la victoria durante el segundo tiempo. En el minuto 75, el jugador franc\u00e9s Gueida Fofana hizo un pase vac\u00edo que fue aprovechado por su compa\u00f1ero Antoine Griezmann quien anot\u00f3 el tanto que descalific\u00f3 a los ecuatorianos de la Copa Mundial Sub-20. (AV) Fuente: Diario El Universo<\/p>\n","protected":false},"author":1,"featured_media":207894,"comment_status":"open","ping_status":"open","sticky":false,"template":"","format":"standard","meta":[],"categories":[39,37],"tags":[],"_links":{"self":[{"href":"https:\/\/www.ecuadortimes.net\/es\/wp-json\/wp\/v2\/posts\/207893"}],"collection":[{"href":"https:\/\/www.ecuadortimes.net\/es\/wp-json\/wp\/v2\/posts"}],"about":[{"href":"https:\/\/www.ecuadortimes.net\/es\/wp-json\/wp\/v2\/types\/post"}],"author":[{"embeddable":true,"href":"https:\/\/www.ecuadortimes.net\/es\/wp-json\/wp\/v2\/users\/1"}],"replies":[{"embeddable":true,"href":"https:\/\/www.ecuadortimes.net\/es\/wp-json\/wp\/v2\/comments?post=207893"}],"version-history":[{"count":0,"href":"https:\/\/www.ecuadortimes.net\/es\/wp-json\/wp\/v2\/posts\/207893\/revisions"}],"wp:featuredmedia":[{"embeddable":true,"href":"https:\/\/www.ecuadortimes.net\/es\/wp-json\/wp\/v2\/media\/207894"}],"wp:attachment":[{"href":"https:\/\/www.ecuadortimes.net\/es\/wp-json\/wp\/v2\/media?parent=207893"}],"wp:term":[{"taxonomy":"category","embeddable":true,"href":"https:\/\/www.ecuadortimes.net\/es\/wp-json\/wp\/v2\/categories?post=207893"},{"taxonomy":"post_tag","embeddable":true,"href":"https:\/\/www.ecuadortimes.net\/es\/wp-json\/wp\/v2\/tags?post=207893"}],"curies":[{"name":"wp","href":"https:\/\/api.w.org\/{rel}","templated":true}]}}