{"id":207899,"date":"2011-08-11T00:00:00","date_gmt":"2011-08-11T00:00:00","guid":{"rendered":"https:\/\/www.ecuadortimes.net\/es\/pondran-a-la-venta-la-coleccion-de-ropa-que-diseno-amy-winehouse\/"},"modified":"2011-08-11T00:00:00","modified_gmt":"2011-08-11T00:00:00","slug":"pondran-a-la-venta-la-coleccion-de-ropa-que-diseno-amy-winehouse","status":"publish","type":"post","link":"https:\/\/www.ecuadortimes.net\/es\/pondran-a-la-venta-la-coleccion-de-ropa-que-diseno-amy-winehouse\/","title":{"rendered":"Pondr\u00e1n a la venta la colecci\u00f3n de ropa que dise\u00f1\u00f3 Amy Winehouse"},"content":{"rendered":"<p style=\"text-align: justify;\"><a href=\"http:\/\/www.ecuadortimes.net\/es\/2011\/08\/11\/pondran-a-la-venta-la-coleccion-de-ropa-que-diseno-amy-winehouse\/fashion-collection-2\/\" rel=\"attachment wp-att-37089\"><img loading=\"lazy\" class=\"aligncenter size-full wp-image-37089\" title=\"colecci\u00f3n de ropa\" src=\"http:\/\/media.ecuadortimes.net\/2011\/08\/fashion-collection1.jpg\" alt=\"\" width=\"560\" height=\"375\" \/><\/a>Las dos colecciones de ropa que la cantante brit\u00e1nica hab\u00eda dise\u00f1ado para Fred Perry saldr\u00e1n a la venta gracias al consentimiento de la familia de la artista, seg\u00fan un comunicado que ha hecho p\u00fablico la marca de ropa.<\/p>\n<p style=\"text-align: justify;\">Los dise\u00f1os recogen el estilo de la cantante fallecida, quien afirm\u00f3 en m\u00e1s de una ocasi\u00f3n que se vest\u00eda &#8220;como si viviera en los a\u00f1os cincuenta&#8221;.<\/p>\n<p style=\"text-align: justify;\">Esta fue la segunda colaboraci\u00f3n de la diva del soul para la casa de moda, con quien ya colabor\u00f3 en 2009. Gran parte de los beneficios obtenidos por la venta de sus dise\u00f1os se destinar\u00e1n a la asociaci\u00f3n Fundaci\u00f3n Amy Winehouse, que tendr\u00e1 como objetivo ayudar a personas que tengan problemas con las drogas.<\/p>\n<p style=\"text-align: justify;\">Colecci\u00f3n Amy Winehouse:\u00a0http:\/\/www.fredperry.com\/women\/amy-winehouse<\/p>\n<p style=\"text-align: justify;\">Fuente: El Pa\u00eds<\/p>\n","protected":false},"excerpt":{"rendered":"<p>Las dos colecciones de ropa que la cantante brit\u00e1nica hab\u00eda dise\u00f1ado para Fred Perry saldr\u00e1n a la venta gracias al consentimiento de la familia de la artista, seg\u00fan un comunicado que ha hecho p\u00fablico la marca de ropa. Los dise\u00f1os recogen el estilo de la cantante fallecida, quien afirm\u00f3 en m\u00e1s de una ocasi\u00f3n que se vest\u00eda &#8220;como si viviera en los a\u00f1os cincuenta&#8221;. Esta fue la segunda colaboraci\u00f3n de la diva del soul para la casa de moda, con quien ya colabor\u00f3 en 2009. Gran parte de los beneficios obtenidos por la venta de sus dise\u00f1os se destinar\u00e1n a la asociaci\u00f3n Fundaci\u00f3n Amy Winehouse, que tendr\u00e1 como objetivo ayudar a personas que tengan problemas con las drogas. Colecci\u00f3n Amy Winehouse:\u00a0http:\/\/www.fredperry.com\/women\/amy-winehouse Fuente: El Pa\u00eds<\/p>\n","protected":false},"author":1,"featured_media":207900,"comment_status":"open","ping_status":"open","sticky":false,"template":"","format":"standard","meta":[],"categories":[44,37],"tags":[],"_links":{"self":[{"href":"https:\/\/www.ecuadortimes.net\/es\/wp-json\/wp\/v2\/posts\/207899"}],"collection":[{"href":"https:\/\/www.ecuadortimes.net\/es\/wp-json\/wp\/v2\/posts"}],"about":[{"href":"https:\/\/www.ecuadortimes.net\/es\/wp-json\/wp\/v2\/types\/post"}],"author":[{"embeddable":true,"href":"https:\/\/www.ecuadortimes.net\/es\/wp-json\/wp\/v2\/users\/1"}],"replies":[{"embeddable":true,"href":"https:\/\/www.ecuadortimes.net\/es\/wp-json\/wp\/v2\/comments?post=207899"}],"version-history":[{"count":0,"href":"https:\/\/www.ecuadortimes.net\/es\/wp-json\/wp\/v2\/posts\/207899\/revisions"}],"wp:featuredmedia":[{"embeddable":true,"href":"https:\/\/www.ecuadortimes.net\/es\/wp-json\/wp\/v2\/media\/207900"}],"wp:attachment":[{"href":"https:\/\/www.ecuadortimes.net\/es\/wp-json\/wp\/v2\/media?parent=207899"}],"wp:term":[{"taxonomy":"category","embeddable":true,"href":"https:\/\/www.ecuadortimes.net\/es\/wp-json\/wp\/v2\/categories?post=207899"},{"taxonomy":"post_tag","embeddable":true,"href":"https:\/\/www.ecuadortimes.net\/es\/wp-json\/wp\/v2\/tags?post=207899"}],"curies":[{"name":"wp","href":"https:\/\/api.w.org\/{rel}","templated":true}]}}