{"id":207903,"date":"2011-08-11T00:00:00","date_gmt":"2011-08-11T00:00:00","guid":{"rendered":"https:\/\/www.ecuadortimes.net\/es\/hugo-chavez-pide-otro-credito-a-rusia-para-reforzar-fuerzas-armadas\/"},"modified":"2011-08-11T00:00:00","modified_gmt":"2011-08-11T00:00:00","slug":"hugo-chavez-pide-otro-credito-a-rusia-para-reforzar-fuerzas-armadas","status":"publish","type":"post","link":"https:\/\/www.ecuadortimes.net\/es\/hugo-chavez-pide-otro-credito-a-rusia-para-reforzar-fuerzas-armadas\/","title":{"rendered":"Hugo Ch\u00e1vez pide otro cr\u00e9dito a Rusia para reforzar fuerzas armadas"},"content":{"rendered":"<p><a href=\"http:\/\/www.ecuadortimes.net\/es\/2011\/08\/11\/hugo-chavez-pide-otro-credito-a-rusia-para-reforzar-sus-fuerzas-armadas\/venezuelan-military-forces-2\/\" rel=\"attachment wp-att-37120\"><img loading=\"lazy\" class=\"size-full wp-image-37120 alignright\" title=\"Fuerzas armadas venezolanas\" src=\"http:\/\/media.ecuadortimes.net\/2011\/08\/Venezuelan-Military-Forces1.jpg\" alt=\"\" width=\"263\" height=\"192\" \/><\/a>Un cr\u00e9dito por 4.000 millones de d\u00f3lares, mitad de los cuales se destinar\u00e1n a &#8220;equipar y adiestrar&#8221; a las Fuerzas Armadas, es negociado por el presidente venezolano Hugo Ch\u00e1vez con Rusia.<\/p>\n<p style=\"text-align: justify;\">&#8220;Necesitamos una Fuerza Armada muy poderosa (&#8230;), si tenemos la primera reserva de petr\u00f3leo del mundo y en nuestro pa\u00eds hay una revoluci\u00f3n socialista&#8221;, dijo el mandatario en di\u00e1logo telef\u00f3nico desde Cuba, transmitido por el canal oficial &#8216;VTV&#8217;.<\/p>\n<p style=\"text-align: justify;\">Entre el 2005 y el 2007 Caracas firm\u00f3 contratos de compra de armas rusas por m\u00e1s de 4.000 millones de d\u00f3lares para adquirir aviones Sukoi, helic\u00f3pteros de combate y fusiles, entre otros.<\/p>\n<p style=\"text-align: justify;\">Asimismo, recibi\u00f3 un pr\u00e9stamo de Mosc\u00fa por otros 2.200 millones de d\u00f3lares y encarg\u00f3 en el 2010 a Rusia tanques T-72 y un n\u00famero no precisado de misiles de defensa antia\u00e9reos S-300.<\/p>\n<p style=\"text-align: justify;\">Fuente: AFP<\/p>\n","protected":false},"excerpt":{"rendered":"<p>Un cr\u00e9dito por 4.000 millones de d\u00f3lares, mitad de los cuales se destinar\u00e1n a &#8220;equipar y adiestrar&#8221; a las Fuerzas Armadas, es negociado por el presidente venezolano Hugo Ch\u00e1vez con Rusia. &#8220;Necesitamos una Fuerza Armada muy poderosa (&#8230;), si tenemos la primera reserva de petr\u00f3leo del mundo y en nuestro pa\u00eds hay una revoluci\u00f3n socialista&#8221;, dijo el mandatario en di\u00e1logo telef\u00f3nico desde Cuba, transmitido por el canal oficial &#8216;VTV&#8217;. Entre el 2005 y el 2007 Caracas firm\u00f3 contratos de compra de armas rusas por m\u00e1s de 4.000 millones de d\u00f3lares para adquirir aviones Sukoi, helic\u00f3pteros de combate y fusiles, entre otros. Asimismo, recibi\u00f3 un pr\u00e9stamo de Mosc\u00fa por otros 2.200 millones de d\u00f3lares y encarg\u00f3 en el 2010 a Rusia tanques T-72 y un n\u00famero no precisado de misiles de defensa antia\u00e9reos S-300. Fuente: AFP<\/p>\n","protected":false},"author":1,"featured_media":207904,"comment_status":"open","ping_status":"open","sticky":false,"template":"","format":"standard","meta":[],"categories":[36,37],"tags":[],"_links":{"self":[{"href":"https:\/\/www.ecuadortimes.net\/es\/wp-json\/wp\/v2\/posts\/207903"}],"collection":[{"href":"https:\/\/www.ecuadortimes.net\/es\/wp-json\/wp\/v2\/posts"}],"about":[{"href":"https:\/\/www.ecuadortimes.net\/es\/wp-json\/wp\/v2\/types\/post"}],"author":[{"embeddable":true,"href":"https:\/\/www.ecuadortimes.net\/es\/wp-json\/wp\/v2\/users\/1"}],"replies":[{"embeddable":true,"href":"https:\/\/www.ecuadortimes.net\/es\/wp-json\/wp\/v2\/comments?post=207903"}],"version-history":[{"count":0,"href":"https:\/\/www.ecuadortimes.net\/es\/wp-json\/wp\/v2\/posts\/207903\/revisions"}],"wp:featuredmedia":[{"embeddable":true,"href":"https:\/\/www.ecuadortimes.net\/es\/wp-json\/wp\/v2\/media\/207904"}],"wp:attachment":[{"href":"https:\/\/www.ecuadortimes.net\/es\/wp-json\/wp\/v2\/media?parent=207903"}],"wp:term":[{"taxonomy":"category","embeddable":true,"href":"https:\/\/www.ecuadortimes.net\/es\/wp-json\/wp\/v2\/categories?post=207903"},{"taxonomy":"post_tag","embeddable":true,"href":"https:\/\/www.ecuadortimes.net\/es\/wp-json\/wp\/v2\/tags?post=207903"}],"curies":[{"name":"wp","href":"https:\/\/api.w.org\/{rel}","templated":true}]}}