{"id":207911,"date":"2011-08-12T00:00:00","date_gmt":"2011-08-12T00:00:00","guid":{"rendered":"https:\/\/www.ecuadortimes.net\/es\/oficialismo-obtiene-control-en-asamblea\/"},"modified":"2011-08-12T00:00:00","modified_gmt":"2011-08-12T00:00:00","slug":"oficialismo-obtiene-control-en-asamblea","status":"publish","type":"post","link":"https:\/\/www.ecuadortimes.net\/es\/oficialismo-obtiene-control-en-asamblea\/","title":{"rendered":"Oficialismo obtiene control en Asamblea"},"content":{"rendered":"<div id=\"attachment_37177\" style=\"width: 258px\" class=\"wp-caption alignright\"><a href=\"http:\/\/www.ecuadortimes.net\/es\/2011\/08\/12\/oficialismo-obtiene-control-en-asamblea\/vcvc-2\/\" rel=\"attachment wp-att-37177\"><img aria-describedby=\"caption-attachment-37177\" loading=\"lazy\" class=\"size-full wp-image-37177 \" src=\"http:\/\/media.ecuadortimes.net\/2011\/08\/vcvc1.jpg\" alt=\"Oficialismo obtiene control en Asamblea\" width=\"248\" height=\"175\" \/><\/a><p id=\"caption-attachment-37177\" class=\"wp-caption-text\">Oficialismo obtiene control en Asamblea<\/p><\/div>\n<p style=\"text-align: justify\">Nuevamente, el oficialismo mantiene el control en la Consejo de Administraci\u00f3n Legislativa (CAL), luego de que Fernando Cordero quedara reelecto como Presidente de la Asamblea y la asignaci\u00f3n de los vicepresidentes tambi\u00e9n pertenezca al partido gobiernista.<\/p>\n<p style=\"text-align: justify\">Ayer a las 18:30 iniciaron las votaciones para la elecci\u00f3n de los vicepresidentes. De este modo, el oficialismo logr\u00f3 colocar en esos cargos a Juan Carlos Cassinelli (PAIS) y a Roc\u00edo Valarezo, asamble\u00edsta independiente y ahora aliada a PAIS. (BG)<\/p>\n<p style=\"text-align: justify\">\n<p>Fuente: Diario Expreso<\/p>\n","protected":false},"excerpt":{"rendered":"<p>Nuevamente, el oficialismo mantiene el control en la Consejo de Administraci\u00f3n Legislativa (CAL), luego de que Fernando Cordero quedara reelecto como Presidente de la Asamblea y la asignaci\u00f3n de los vicepresidentes tambi\u00e9n pertenezca al partido gobiernista. Ayer a las 18:30 iniciaron las votaciones para la elecci\u00f3n de los vicepresidentes. De este modo, el oficialismo logr\u00f3 colocar en esos cargos a Juan Carlos Cassinelli (PAIS) y a Roc\u00edo Valarezo, asamble\u00edsta independiente y ahora aliada a PAIS. (BG) Fuente: Diario Expreso<\/p>\n","protected":false},"author":1,"featured_media":207912,"comment_status":"open","ping_status":"open","sticky":false,"template":"","format":"standard","meta":[],"categories":[40,37],"tags":[],"_links":{"self":[{"href":"https:\/\/www.ecuadortimes.net\/es\/wp-json\/wp\/v2\/posts\/207911"}],"collection":[{"href":"https:\/\/www.ecuadortimes.net\/es\/wp-json\/wp\/v2\/posts"}],"about":[{"href":"https:\/\/www.ecuadortimes.net\/es\/wp-json\/wp\/v2\/types\/post"}],"author":[{"embeddable":true,"href":"https:\/\/www.ecuadortimes.net\/es\/wp-json\/wp\/v2\/users\/1"}],"replies":[{"embeddable":true,"href":"https:\/\/www.ecuadortimes.net\/es\/wp-json\/wp\/v2\/comments?post=207911"}],"version-history":[{"count":0,"href":"https:\/\/www.ecuadortimes.net\/es\/wp-json\/wp\/v2\/posts\/207911\/revisions"}],"wp:featuredmedia":[{"embeddable":true,"href":"https:\/\/www.ecuadortimes.net\/es\/wp-json\/wp\/v2\/media\/207912"}],"wp:attachment":[{"href":"https:\/\/www.ecuadortimes.net\/es\/wp-json\/wp\/v2\/media?parent=207911"}],"wp:term":[{"taxonomy":"category","embeddable":true,"href":"https:\/\/www.ecuadortimes.net\/es\/wp-json\/wp\/v2\/categories?post=207911"},{"taxonomy":"post_tag","embeddable":true,"href":"https:\/\/www.ecuadortimes.net\/es\/wp-json\/wp\/v2\/tags?post=207911"}],"curies":[{"name":"wp","href":"https:\/\/api.w.org\/{rel}","templated":true}]}}