{"id":207913,"date":"2011-08-12T00:00:00","date_gmt":"2011-08-12T00:00:00","guid":{"rendered":"https:\/\/www.ecuadortimes.net\/es\/video-muestra-como-se-omitio-un-texto-de-la-ley-de-comunicacion\/"},"modified":"2011-08-12T00:00:00","modified_gmt":"2011-08-12T00:00:00","slug":"video-muestra-como-se-omitio-un-texto-de-la-ley-de-comunicacion","status":"publish","type":"post","link":"https:\/\/www.ecuadortimes.net\/es\/video-muestra-como-se-omitio-un-texto-de-la-ley-de-comunicacion\/","title":{"rendered":"V\u00eddeo muestra como se omiti\u00f3 un texto de la Ley de Comunicaci\u00f3n"},"content":{"rendered":"<p>Durante la sesi\u00f3n 58 de la Comisi\u00f3n Ocasional de Comunicaci\u00f3n realizado el pasado 27 de julio se revel\u00f3 un video que mostraba una alteracion en el texto del Informe Complementario a la Ley de Comunicaci\u00f3n pues no inclu\u00eda una propuesta en el art\u00edculo #18 que se refiere a las atribuciones del Consejo de Regulaci\u00f3n.<\/p>\n<p>La grabaci\u00f3n del video fue hecha p\u00fablica el 8 de agosto por el asamble\u00edsta C\u00e9sar Mont\u00fafar por medio de un correo enviado a sus colegas y a la prensa. El video muestra como el punto #10 fue omitido de la ley.<\/p>\n<p>El texto aprobado conten\u00eda una cita que dec\u00eda que el consejo tiene la facultad de, Crear o mantener un registro o catastro con informaci\u00f3n sobre los instrumentos de autorregulaci\u00f3n, direcci\u00f3n y cargos directivos de los medios de comunicaci\u00f3n p\u00fablicos, privados y comunitarios. De ninguna manera, este catastro constituir\u00e1 instrumento para autorizar o retirar la autorizaci\u00f3n de funcionamiento\u009d.<\/p>\n<p>Sin embargo, en el reporte enviado la semana pasada a la presidencia de la Asamblea no conten\u00eda la \u00faltima parte, De ninguna manera, este catastro constituir\u00e1 instrumento para autorizar o retirar la autorizaci\u00f3n de funcionamiento\u009d. La sugerencia de incluir este p\u00e1rrafo provino de la asamble\u00edsta oficialista Betty Carrillo despu\u00e9s de reunir la propuesta hecha por la oposici\u00f3n. (AV)<\/p>\n","protected":false},"excerpt":{"rendered":"<p>Durante la sesi\u00f3n 58 de la Comisi\u00f3n Ocasional de Comunicaci\u00f3n realizado el pasado 27 de julio se revel\u00f3 un video que mostraba una alteracion en el texto del Informe Complementario a la Ley de Comunicaci\u00f3n pues no inclu\u00eda una propuesta en el art\u00edculo #18 que se refiere a las atribuciones del Consejo de Regulaci\u00f3n. La grabaci\u00f3n del video fue hecha p\u00fablica el 8 de agosto por el asamble\u00edsta C\u00e9sar Mont\u00fafar por medio de un correo enviado a sus colegas y a la prensa. El video muestra como el punto #10 fue omitido de la ley. El texto aprobado conten\u00eda una cita que dec\u00eda que el consejo tiene la facultad de, Crear o mantener un registro o catastro con informaci\u00f3n sobre los instrumentos de autorregulaci\u00f3n, direcci\u00f3n y cargos directivos de los medios de comunicaci\u00f3n p\u00fablicos, privados y comunitarios. De ninguna manera, este catastro constituir\u00e1 instrumento para autorizar o retirar la autorizaci\u00f3n de funcionamiento\u009d. Sin embargo, en el reporte enviado la semana pasada a la presidencia de la Asamblea no conten\u00eda la \u00faltima parte, De ninguna manera, este catastro constituir\u00e1 instrumento para autorizar o retirar la autorizaci\u00f3n de funcionamiento\u009d. La sugerencia de incluir este p\u00e1rrafo provino de la asamble\u00edsta oficialista Betty Carrillo despu\u00e9s de reunir la propuesta hecha por la oposici\u00f3n. (AV)<\/p>\n","protected":false},"author":1,"featured_media":207914,"comment_status":"open","ping_status":"open","sticky":false,"template":"","format":"standard","meta":[],"categories":[40,37,30,49],"tags":[],"_links":{"self":[{"href":"https:\/\/www.ecuadortimes.net\/es\/wp-json\/wp\/v2\/posts\/207913"}],"collection":[{"href":"https:\/\/www.ecuadortimes.net\/es\/wp-json\/wp\/v2\/posts"}],"about":[{"href":"https:\/\/www.ecuadortimes.net\/es\/wp-json\/wp\/v2\/types\/post"}],"author":[{"embeddable":true,"href":"https:\/\/www.ecuadortimes.net\/es\/wp-json\/wp\/v2\/users\/1"}],"replies":[{"embeddable":true,"href":"https:\/\/www.ecuadortimes.net\/es\/wp-json\/wp\/v2\/comments?post=207913"}],"version-history":[{"count":0,"href":"https:\/\/www.ecuadortimes.net\/es\/wp-json\/wp\/v2\/posts\/207913\/revisions"}],"wp:featuredmedia":[{"embeddable":true,"href":"https:\/\/www.ecuadortimes.net\/es\/wp-json\/wp\/v2\/media\/207914"}],"wp:attachment":[{"href":"https:\/\/www.ecuadortimes.net\/es\/wp-json\/wp\/v2\/media?parent=207913"}],"wp:term":[{"taxonomy":"category","embeddable":true,"href":"https:\/\/www.ecuadortimes.net\/es\/wp-json\/wp\/v2\/categories?post=207913"},{"taxonomy":"post_tag","embeddable":true,"href":"https:\/\/www.ecuadortimes.net\/es\/wp-json\/wp\/v2\/tags?post=207913"}],"curies":[{"name":"wp","href":"https:\/\/api.w.org\/{rel}","templated":true}]}}