{"id":207917,"date":"2011-08-13T00:00:00","date_gmt":"2011-08-13T00:00:00","guid":{"rendered":"https:\/\/www.ecuadortimes.net\/es\/gran-bretana-busca-bloquear-acceso-a-internet-para-calmar-las-protestas\/"},"modified":"2011-08-13T00:00:00","modified_gmt":"2011-08-13T00:00:00","slug":"gran-bretana-busca-bloquear-acceso-a-internet-para-calmar-las-protestas","status":"publish","type":"post","link":"https:\/\/www.ecuadortimes.net\/es\/gran-bretana-busca-bloquear-acceso-a-internet-para-calmar-las-protestas\/","title":{"rendered":"Gran Breta\u00f1a busca bloquear acceso a internet para calmar las protestas"},"content":{"rendered":"<p style=\"text-align: justify;\">El Gobierno brit\u00e1nico busca la f\u00f3rmula para impedir que las redes sociales sirvan de canal de comunicaci\u00f3n en la organizaci\u00f3n de disturbios y no descarta la posibilidad de bloquear los SMS en situaciones de violencia callejera.<\/p>\n<p style=\"text-align: justify;\">El primer ministro brit\u00e1nico, David Cameron, dijo que el Ejecutivo est\u00e1 trabajando con la Polic\u00eda, los servicios de inteligencia y la industria de internet con la intenci\u00f3n de parar\u009d a quienes recurren a las redes sociales para organizar actos violentos y criminales.<\/p>\n<p style=\"text-align: justify;\">Cameron no ha ido m\u00e1s all\u00e1 y no ha detallado, en la sesi\u00f3n extraordinaria del Parlamento, qu\u00e9 tipo de intervenci\u00f3n se estudia para frenar el poder de convocatoria que han demostrado tener redes sociales como Twitter y Facebook en esta clase de casos.<\/p>\n<p>Mientras el primer ministro brit\u00e1nico ha aludido a las redes sociales, su ministra de Interior, Theresa May, ha se\u00f1alado que el Gobierno est\u00e1 considerando la posibilidad de bloquear los mensajes v\u00eda m\u00f3vil cuando se est\u00e9n produciendo disturbios.<\/p>\n<p>Analistas critican que se opte por cerrar el acceso de la poblaci\u00f3n a internet, como sucedi\u00f3 en Egipto o T\u00fanez, donde no ayud\u00f3 precisamente a calmar los \u00e1nimos de los que ped\u00edan el cambio.<\/p>\n<p>Fuente: EFE\/ REUTERS<\/p>\n","protected":false},"excerpt":{"rendered":"<p>El Gobierno brit\u00e1nico busca la f\u00f3rmula para impedir que las redes sociales sirvan de canal de comunicaci\u00f3n en la organizaci\u00f3n de disturbios y no descarta la posibilidad de bloquear los SMS en situaciones de violencia callejera. El primer ministro brit\u00e1nico, David Cameron, dijo que el Ejecutivo est\u00e1 trabajando con la Polic\u00eda, los servicios de inteligencia y la industria de internet con la intenci\u00f3n de parar\u009d a quienes recurren a las redes sociales para organizar actos violentos y criminales. Cameron no ha ido m\u00e1s all\u00e1 y no ha detallado, en la sesi\u00f3n extraordinaria del Parlamento, qu\u00e9 tipo de intervenci\u00f3n se estudia para frenar el poder de convocatoria que han demostrado tener redes sociales como Twitter y Facebook en esta clase de casos. Mientras el primer ministro brit\u00e1nico ha aludido a las redes sociales, su ministra de Interior, Theresa May, ha se\u00f1alado que el Gobierno est\u00e1 considerando la posibilidad de bloquear los mensajes v\u00eda m\u00f3vil cuando se est\u00e9n produciendo disturbios. Analistas critican que se opte por cerrar el acceso de la poblaci\u00f3n a internet, como sucedi\u00f3 en Egipto o T\u00fanez, donde no ayud\u00f3 precisamente a calmar los \u00e1nimos de los que ped\u00edan el cambio. Fuente: EFE\/ REUTERS<\/p>\n","protected":false},"author":1,"featured_media":207918,"comment_status":"open","ping_status":"open","sticky":false,"template":"","format":"standard","meta":[],"categories":[34,37],"tags":[],"_links":{"self":[{"href":"https:\/\/www.ecuadortimes.net\/es\/wp-json\/wp\/v2\/posts\/207917"}],"collection":[{"href":"https:\/\/www.ecuadortimes.net\/es\/wp-json\/wp\/v2\/posts"}],"about":[{"href":"https:\/\/www.ecuadortimes.net\/es\/wp-json\/wp\/v2\/types\/post"}],"author":[{"embeddable":true,"href":"https:\/\/www.ecuadortimes.net\/es\/wp-json\/wp\/v2\/users\/1"}],"replies":[{"embeddable":true,"href":"https:\/\/www.ecuadortimes.net\/es\/wp-json\/wp\/v2\/comments?post=207917"}],"version-history":[{"count":0,"href":"https:\/\/www.ecuadortimes.net\/es\/wp-json\/wp\/v2\/posts\/207917\/revisions"}],"wp:featuredmedia":[{"embeddable":true,"href":"https:\/\/www.ecuadortimes.net\/es\/wp-json\/wp\/v2\/media\/207918"}],"wp:attachment":[{"href":"https:\/\/www.ecuadortimes.net\/es\/wp-json\/wp\/v2\/media?parent=207917"}],"wp:term":[{"taxonomy":"category","embeddable":true,"href":"https:\/\/www.ecuadortimes.net\/es\/wp-json\/wp\/v2\/categories?post=207917"},{"taxonomy":"post_tag","embeddable":true,"href":"https:\/\/www.ecuadortimes.net\/es\/wp-json\/wp\/v2\/tags?post=207917"}],"curies":[{"name":"wp","href":"https:\/\/api.w.org\/{rel}","templated":true}]}}