{"id":207919,"date":"2011-08-13T00:00:00","date_gmt":"2011-08-13T00:00:00","guid":{"rendered":"https:\/\/www.ecuadortimes.net\/es\/joshua-degel-estaba-destinado-a-ser-fotografo\/"},"modified":"2011-08-13T00:00:00","modified_gmt":"2011-08-13T00:00:00","slug":"joshua-degel-estaba-destinado-a-ser-fotografo","status":"publish","type":"post","link":"https:\/\/www.ecuadortimes.net\/es\/joshua-degel-estaba-destinado-a-ser-fotografo\/","title":{"rendered":"Joshua Degel: Estaba destinado a ser fot\u00f3grafo"},"content":{"rendered":"<div>\n<p id=\"internal-source-marker_0.4343622261658311\" style=\"text-align: justify;\" dir=\"ltr\"><em>By: Ma. Fernanda Soria\u00a0<a href=\"http:\/\/twitter.com\/#!\/MaferSoria\" target=\"_blank\" rel=\"noopener noreferrer\">@mafersoria<\/a><\/em><\/p>\n<p style=\"text-align: justify;\" dir=\"ltr\"><a href=\"http:\/\/www.ecuadortimes.net\/2011\/08\/13\/joshua-degel-i-was-meant-to-be-a-photographer\/joshua-degel-2\/\" rel=\"attachment wp-att-37213\"><img loading=\"lazy\" class=\"alignright size-full wp-image-37213\" title=\"Joshua Degel\" src=\"http:\/\/media.ecuadortimes.net\/2011\/08\/Joshua-Degel.png\" alt=\"\" width=\"272\" height=\"411\" \/><\/a>Hay quienes estudian varias profesiones hasta lograr descubrir una actividad que les apasione. Muchos se conforman con encontrar una carrera lucrativa y dejan de lado sus sue\u00f1os pero otros tienen la suerte de tener un acercamiento con su profesi\u00f3n desde una edad temprana. Ese es el caso de Joshua Degel, un fot\u00f3grafo ecuatoriano que a sus 36 a\u00f1os lleva m\u00e1s de una d\u00e9cada congelando momentos con el lente de su c\u00e1mara.<\/p>\n<p style=\"text-align: justify;\" dir=\"ltr\">Joshua Degel, quien en la actualidad tiene 36 a\u00f1os, comenz\u00f3 bien pelado\u009d en la fotograf\u00eda. Su padre ten\u00eda una c\u00e1mara profesional y Degel, a sus 10 a\u00f1os, se identific\u00f3 inmediatamente con ella. Me convert\u00ed en el fot\u00f3grafo de la familia, siempre tomaba fotos en los viajes\u009d, cuenta Joshua mientras baja la mirada en busca de recuerdos para volverla a subir en cuesti\u00f3n de segundos.<\/p>\n<p style=\"text-align: justify;\" dir=\"ltr\">As\u00ed fue como empez\u00f3 todo, Joshua jugaba con la c\u00e1mara desde que las c\u00e1maras usaban rollo y el proceso de revelado era m\u00e1s largo y costoso. A los 18 a\u00f1os entr\u00f3 a trabajar a un laboratorio, all\u00ed se encargaba de revelar las fotos, posteriormente incursion\u00f3 como iluminador y luego como fot\u00f3grafo. Mi pap\u00e1 siempre me apoy\u00f3 en la fotograf\u00eda pero como un hobbie, nunca pens\u00f3 que se convertir\u00eda en mi profesi\u00f3n y que vivir\u00eda de ello, probablemente \u00e9l hubiese querido que sea doctor, pero no lo pude evitar, estaba destinado a esto\u009d, dice el fot\u00f3grafo mientras suelta una r\u00e1pida carcajada.<\/p>\n<p style=\"text-align: justify;\" dir=\"ltr\">Cabe recalcar que Joshua no estudi\u00f3 fotograf\u00eda en una universidad, siempre he sido autodidacta\u009d, dice, a los 13 a\u00f1os me dieron un curso b\u00e1sico de fotograf\u00eda, dur\u00f3 cinco d\u00edas\u009d, cuenta que tuvo que buscar ayuda en varios libros para poder enfrentarse a un grupo de alumnos cuando tuvo la oportunidad de ser profesor ten\u00eda que saber respuestas porque me iban a hacer preguntas, entonces le\u00eda mucho\u009d. No fue hasta hace tres a\u00f1os que Joshua decidi\u00f3 estar en un aula como alumno, estuve en Madrid y estudi\u00e9 fotograf\u00eda digital porque cuando hubo el cambio de la fotograf\u00eda an\u00e1loga, de rollo, a la fotograf\u00eda digital sent\u00ed que alguien me lo ten\u00eda que explicar a pesar de la informaci\u00f3n que hay en internet, no hab\u00eda tanta literatura para consultar\u009d indica Degel.<\/p>\n<p style=\"text-align: justify;\" dir=\"ltr\">Y es que Joshua ya lleva 18 a\u00f1os ejerciendo la profesi\u00f3n que le apasiona, trabaja de manera independiente con la ayuda de colaboradores ya que le gusta ser el que maneja las cosas\u009d. Degel trabaja con gente, hace fotos para portadas de revista, retratos, moda, novias, le encanta la interacci\u00f3n con la gente\u009d.<\/p>\n<p style=\"text-align: justify;\" dir=\"ltr\">Es un reto poder encontrar todos los factores para crear una imagen con la cual yo me sienta feliz y el cliente se sienta satisfecho, por eso disfruto hacer fotograf\u00eda de moda, porque maneja un concepto art\u00edstico para crear im\u00e1genes, y es un proceso que me hace sentir completo, es la que m\u00e1s me llena, me gusta mucho el contacto con la gente\u009d, confiesa Degel, quien tambi\u00e9n adem\u00e1s de hacer estas fotograf\u00edas comerciales, disfruta hacer autoretratos y fotos blanco y negro.<\/p>\n<p style=\"text-align: center;\" dir=\"ltr\"><a href=\"http:\/\/www.ecuadortimes.net\/2011\/08\/13\/joshua-degel-i-was-meant-to-be-a-photographer\/jd1\/\" rel=\"attachment wp-att-37214\"><img loading=\"lazy\" class=\"aligncenter size-full wp-image-37214\" title=\"Joshua Degel\" src=\"http:\/\/media.ecuadortimes.net\/2011\/08\/jd1.png\" alt=\"\" width=\"499\" height=\"334\" \/><\/a><\/p>\n<p style=\"text-align: justify;\" dir=\"ltr\">Degel particip\u00f3 en una exposici\u00f3n de fotograf\u00eda art\u00edstica en el 2010, La sensualidad en el deporte\u009d, trabaj\u00e9 con Saida de Noriega, cre\u00e9 una historia con ella y su esposo en blanco y negro, para ello se necesit\u00f3 maquillaje corporal y peinados\u009d.<\/p>\n<p style=\"text-align: justify;\" dir=\"ltr\">Cuando le preguntamos a Joshua sobre sus planes a futuro, nos cont\u00f3 que se est\u00e1 esforzando mucho por crear un nombre en el mercado, no tiene un plan inmediato adem\u00e1s de eso, simplemente hace lo que le gusta y se da tiempo para si mismo y disfruta su carrera.<\/p>\n<p style=\"text-align: justify;\" dir=\"ltr\">Joshua dice que es importante que un fot\u00f3grafo pueda reinventar su trabajo puedes decir esta foto no se parece a esta, cada una tiene un estilo, una marca y una l\u00ednea\u009d. Cuenta adem\u00e1s que la fotograf\u00eda conlleva muchos riesgos porque te vuelves inconsiente del entorno en el cual estas trabajando y por lograr una foto puedes hacer lo que sea\u009d. Una vez en Gal\u00e1pagos, se me ocurri\u00f3 subirme a un lugar alto y para cuando terminamos las fotos la marea hab\u00eda subido, tuvimos que regresar caminando con los equipos alzados y el agua a la cintura\u009d, dice riendo.<\/p>\n<p style=\"text-align: justify;\" dir=\"ltr\">Finalmente Joshua nos cont\u00f3 que obtiene gran parte de su inspiraci\u00f3n de la m\u00fasica y los libros de fotograf\u00eda.<\/p>\n<\/div>\n","protected":false},"excerpt":{"rendered":"<p>By: Ma. Fernanda Soria\u00a0@mafersoria Hay quienes estudian varias profesiones hasta lograr descubrir una actividad que les apasione. Muchos se conforman con encontrar una carrera lucrativa y dejan de lado sus sue\u00f1os pero otros tienen la suerte de tener un acercamiento con su profesi\u00f3n desde una edad temprana. Ese es el caso de Joshua Degel, un fot\u00f3grafo ecuatoriano que a sus 36 a\u00f1os lleva m\u00e1s de una d\u00e9cada congelando momentos con el lente de su c\u00e1mara. Joshua Degel, quien en la actualidad tiene 36 a\u00f1os, comenz\u00f3 bien pelado\u009d en la fotograf\u00eda. Su padre ten\u00eda una c\u00e1mara profesional y Degel, a sus 10 a\u00f1os, se identific\u00f3 inmediatamente con ella. Me convert\u00ed en el fot\u00f3grafo de la familia, siempre tomaba fotos en los viajes\u009d, cuenta Joshua mientras baja la mirada en busca de recuerdos para volverla a subir en cuesti\u00f3n de segundos. As\u00ed fue como empez\u00f3 todo, Joshua jugaba con la c\u00e1mara desde que las c\u00e1maras usaban rollo y el proceso de revelado era m\u00e1s largo y costoso. A los 18 a\u00f1os entr\u00f3 a trabajar a un laboratorio, all\u00ed se encargaba de revelar las fotos, posteriormente incursion\u00f3 como iluminador y luego como fot\u00f3grafo. Mi pap\u00e1 siempre me apoy\u00f3 en la fotograf\u00eda pero como un hobbie, nunca pens\u00f3 que se convertir\u00eda en mi profesi\u00f3n y que vivir\u00eda de ello, probablemente \u00e9l hubiese querido que sea doctor, pero no lo pude evitar, estaba destinado a esto\u009d, dice el fot\u00f3grafo mientras suelta una r\u00e1pida carcajada. Cabe recalcar que Joshua no estudi\u00f3 fotograf\u00eda en una universidad, siempre he sido autodidacta\u009d, dice, a los 13 a\u00f1os me dieron un curso b\u00e1sico de fotograf\u00eda, dur\u00f3 cinco d\u00edas\u009d, cuenta que tuvo que buscar ayuda en varios libros para poder enfrentarse a un grupo de alumnos cuando tuvo la oportunidad de ser profesor ten\u00eda que saber respuestas porque me iban a hacer preguntas, entonces le\u00eda mucho\u009d. No fue hasta hace tres a\u00f1os que Joshua decidi\u00f3 estar en un aula como alumno, estuve en Madrid y estudi\u00e9 fotograf\u00eda digital porque cuando hubo el cambio de la fotograf\u00eda an\u00e1loga, de rollo, a la fotograf\u00eda digital sent\u00ed que alguien me lo ten\u00eda que explicar a pesar de la informaci\u00f3n que hay en internet, no hab\u00eda tanta literatura para consultar\u009d indica Degel. Y es que Joshua ya lleva 18 a\u00f1os ejerciendo la profesi\u00f3n que le apasiona, trabaja de manera independiente con la ayuda de colaboradores ya que le gusta ser el que maneja las cosas\u009d. Degel trabaja con gente, hace fotos para portadas de revista, retratos, moda, novias, le encanta la interacci\u00f3n con la gente\u009d. Es un reto poder encontrar todos los factores para crear una imagen con la cual yo me sienta feliz y el cliente se sienta satisfecho, por eso disfruto hacer fotograf\u00eda de moda, porque maneja un concepto art\u00edstico para crear im\u00e1genes, y es un proceso que me hace sentir completo, es la que m\u00e1s me llena, me gusta mucho el contacto con la gente\u009d, confiesa Degel, quien tambi\u00e9n adem\u00e1s de hacer estas fotograf\u00edas comerciales, disfruta hacer autoretratos y fotos blanco y negro. Degel particip\u00f3 en una exposici\u00f3n de fotograf\u00eda art\u00edstica en el 2010, La sensualidad en el deporte\u009d, trabaj\u00e9 con Saida de Noriega, cre\u00e9 una historia con ella y su esposo en blanco y negro, para ello se necesit\u00f3 maquillaje corporal y peinados\u009d. Cuando le preguntamos a Joshua sobre sus planes a futuro, nos cont\u00f3 que se est\u00e1 esforzando mucho por crear un nombre en el mercado, no tiene un plan inmediato adem\u00e1s de eso, simplemente hace lo que le gusta y se da tiempo para si mismo y disfruta su carrera. Joshua dice que es importante que un fot\u00f3grafo pueda reinventar su trabajo puedes decir esta foto no se parece a esta, cada una tiene un estilo, una marca y una l\u00ednea\u009d. Cuenta adem\u00e1s que la fotograf\u00eda conlleva muchos riesgos porque te vuelves inconsiente del entorno en el cual estas trabajando y por lograr una foto puedes hacer lo que sea\u009d. Una vez en Gal\u00e1pagos, se me ocurri\u00f3 subirme a un lugar alto y para cuando terminamos las fotos la marea hab\u00eda subido, tuvimos que regresar caminando con los equipos alzados y el agua a la cintura\u009d, dice riendo. Finalmente Joshua nos cont\u00f3 que obtiene gran parte de su inspiraci\u00f3n de la m\u00fasica y los libros de fotograf\u00eda.<\/p>\n","protected":false},"author":1,"featured_media":207920,"comment_status":"open","ping_status":"open","sticky":false,"template":"","format":"standard","meta":[],"categories":[37,46],"tags":[],"_links":{"self":[{"href":"https:\/\/www.ecuadortimes.net\/es\/wp-json\/wp\/v2\/posts\/207919"}],"collection":[{"href":"https:\/\/www.ecuadortimes.net\/es\/wp-json\/wp\/v2\/posts"}],"about":[{"href":"https:\/\/www.ecuadortimes.net\/es\/wp-json\/wp\/v2\/types\/post"}],"author":[{"embeddable":true,"href":"https:\/\/www.ecuadortimes.net\/es\/wp-json\/wp\/v2\/users\/1"}],"replies":[{"embeddable":true,"href":"https:\/\/www.ecuadortimes.net\/es\/wp-json\/wp\/v2\/comments?post=207919"}],"version-history":[{"count":0,"href":"https:\/\/www.ecuadortimes.net\/es\/wp-json\/wp\/v2\/posts\/207919\/revisions"}],"wp:featuredmedia":[{"embeddable":true,"href":"https:\/\/www.ecuadortimes.net\/es\/wp-json\/wp\/v2\/media\/207920"}],"wp:attachment":[{"href":"https:\/\/www.ecuadortimes.net\/es\/wp-json\/wp\/v2\/media?parent=207919"}],"wp:term":[{"taxonomy":"category","embeddable":true,"href":"https:\/\/www.ecuadortimes.net\/es\/wp-json\/wp\/v2\/categories?post=207919"},{"taxonomy":"post_tag","embeddable":true,"href":"https:\/\/www.ecuadortimes.net\/es\/wp-json\/wp\/v2\/tags?post=207919"}],"curies":[{"name":"wp","href":"https:\/\/api.w.org\/{rel}","templated":true}]}}