{"id":208784,"date":"2013-09-25T00:00:00","date_gmt":"2013-09-25T00:00:00","guid":{"rendered":"https:\/\/www.ecuadortimes.net\/es\/juzgado-tercero-aprueba-demanda-de-ectv-en-contra-de-palacio\/"},"modified":"2013-09-25T00:00:00","modified_gmt":"2013-09-25T00:00:00","slug":"juzgado-tercero-aprueba-demanda-de-ectv-en-contra-de-palacio","status":"publish","type":"post","link":"https:\/\/www.ecuadortimes.net\/es\/juzgado-tercero-aprueba-demanda-de-ectv-en-contra-de-palacio\/","title":{"rendered":"Juzgado tercero aprueba demanda de ECTV en contra de Palacio"},"content":{"rendered":"<p>La tarde de ayer, el <strong>Juzgado tercero Penal del Guayas<\/strong> aprob\u00f3 la demanda presentada por <strong>Enrique Arosemena<\/strong>, gerente general de <strong>Compa\u00f1\u00eda Televisi\u00f3n y Radio de Ecuador E.P. RTVECUADOR<\/strong> (<strong>ECTV<\/strong>), en contra del periodista <strong>Emilio Palacio<\/strong>, por presunta injuria calumniosa grave.<\/p>\n<p>El juez <strong>Eduardo D\u00edaz<\/strong> acept\u00f3 la querella por reunir los requisitos determinados en el Art. 371 del<strong> C\u00f3digo de Procedimiento Penal<\/strong>&#8220;, (datos del acusador y del acusado, firma del querellante y relato de la supuesta infracci\u00f3n, especificando la fecha y lugar).<\/p>\n<p>La <strong>demanda<\/strong> fue planteada por las palabras de Palacio a un periodista de ECTV: &#8220;maquinaria propagand\u00edstica del Gobierno, dedicada a insultar y vejar a los ciudadanos&#8221;.<\/p>\n","protected":false},"excerpt":{"rendered":"<p>La tarde de ayer, el Juzgado tercero Penal del Guayas aprob\u00f3 la demanda presentada por Enrique Arosemena, gerente general de Compa\u00f1\u00eda Televisi\u00f3n y Radio de Ecuador E.P. RTVECUADOR (ECTV), en contra del periodista Emilio Palacio, por presunta injuria calumniosa grave. El juez Eduardo D\u00edaz acept\u00f3 la querella por reunir los requisitos determinados en el Art. 371 del C\u00f3digo de Procedimiento Penal&#8220;, (datos del acusador y del acusado, firma del querellante y relato de la supuesta infracci\u00f3n, especificando la fecha y lugar). La demanda fue planteada por las palabras de Palacio a un periodista de ECTV: &#8220;maquinaria propagand\u00edstica del Gobierno, dedicada a insultar y vejar a los ciudadanos&#8221;.<\/p>\n","protected":false},"author":1,"featured_media":0,"comment_status":"open","ping_status":"open","sticky":false,"template":"","format":"standard","meta":[],"categories":[30],"tags":[],"_links":{"self":[{"href":"https:\/\/www.ecuadortimes.net\/es\/wp-json\/wp\/v2\/posts\/208784"}],"collection":[{"href":"https:\/\/www.ecuadortimes.net\/es\/wp-json\/wp\/v2\/posts"}],"about":[{"href":"https:\/\/www.ecuadortimes.net\/es\/wp-json\/wp\/v2\/types\/post"}],"author":[{"embeddable":true,"href":"https:\/\/www.ecuadortimes.net\/es\/wp-json\/wp\/v2\/users\/1"}],"replies":[{"embeddable":true,"href":"https:\/\/www.ecuadortimes.net\/es\/wp-json\/wp\/v2\/comments?post=208784"}],"version-history":[{"count":0,"href":"https:\/\/www.ecuadortimes.net\/es\/wp-json\/wp\/v2\/posts\/208784\/revisions"}],"wp:attachment":[{"href":"https:\/\/www.ecuadortimes.net\/es\/wp-json\/wp\/v2\/media?parent=208784"}],"wp:term":[{"taxonomy":"category","embeddable":true,"href":"https:\/\/www.ecuadortimes.net\/es\/wp-json\/wp\/v2\/categories?post=208784"},{"taxonomy":"post_tag","embeddable":true,"href":"https:\/\/www.ecuadortimes.net\/es\/wp-json\/wp\/v2\/tags?post=208784"}],"curies":[{"name":"wp","href":"https:\/\/api.w.org\/{rel}","templated":true}]}}