{"id":215158,"date":"2012-12-14T00:00:00","date_gmt":"2012-12-14T00:00:00","guid":{"rendered":"https:\/\/www.ecuadortimes.net\/es\/pedro-delgado-enfrenta-denuncias-de-perjurio-y-otras-mas\/"},"modified":"2012-12-14T00:00:00","modified_gmt":"2012-12-14T00:00:00","slug":"pedro-delgado-enfrenta-denuncias-de-perjurio-y-otras-mas","status":"publish","type":"post","link":"https:\/\/www.ecuadortimes.net\/es\/pedro-delgado-enfrenta-denuncias-de-perjurio-y-otras-mas\/","title":{"rendered":"Pedro Delgado enfrenta denuncias de perjurio y otras m\u00e1s"},"content":{"rendered":"<div id=\"attachment_94715\" style=\"width: 310px\" class=\"wp-caption alignleft\"><img aria-describedby=\"caption-attachment-94715\" loading=\"lazy\" class=\"size-medium wp-image-94715\" title=\"Pedro Delgado\" src=\"http:\/\/media.ecuadortimes.net\/2012\/12\/Pedro-look-at-my-teeths-Delgado3-300x225.jpg\" alt=\"Pedro Delgado\" width=\"300\" height=\"225\" \/><p id=\"caption-attachment-94715\" class=\"wp-caption-text\">Pedro Delgado<\/p><\/div>\n<p><strong>Pedro<\/strong> <strong>Delgado<\/strong>, el actual presidente del <strong>Banco Central del Ecuador<\/strong> (BCE) y representante de la Unidad de Gesti\u00f3n de Derecho P\u00fablico (<strong>Ugedep<\/strong>) est\u00e1 siendo acusado por el asamble\u00edsta <strong>Cl\u00e9ver<\/strong> <strong>Jim\u00e9nez<\/strong> (Pachakutik) quien en su \u00faltima declaraci\u00f3n, juramentada sobre los bienes de Delgado, a\u00f1adi\u00f3 la sospecha de que el presidente del Banco Central ha cometido el delito de <strong>perjurio<\/strong>, el cual es sancionado con reclusi\u00f3n menor de 3 a 6 a\u00f1os.<\/p>\n<p>De acuerdo con la denuncia, Delgado habr\u00eda omitido en su declaraci\u00f3n de bienes, entregada a la contralor\u00eda el 10 de noviembre de 2011 (antes de su posesi\u00f3n como presidente del Banco Central), su relaci\u00f3n con la empresa <strong>Mediterrnea<\/strong> <strong>Venture<\/strong> <strong>LLC<\/strong>, cuya sede est\u00e1 en <strong>Miami<\/strong>, <strong>Estados<\/strong> <strong>Unidos<\/strong>.<\/p>\n<p>Delgado tampoco detall\u00f3 la deuda de $ 200 mil con <strong>Juan<\/strong> <strong>Borja<\/strong> <strong>Charvet<\/strong>, como parte de pago de la casa adquirida en dicha ciudad. Seg\u00fan el legislador, este hecho, adem\u00e1s de las implicaciones penales, conduce a su destituci\u00f3n. Jim\u00e9nez exhibi\u00f3 un documento de un <strong>cheque<\/strong> <strong>protestado<\/strong> sobre el estado de cuenta de Mediterranea Ventura LLC. Dicha informaci\u00f3n fue reportada por una funcionaria del <strong>Austrobank<\/strong> <strong>Panam\u00e1<\/strong> cuando Delgado ya era presidente del BCE.<\/p>\n","protected":false},"excerpt":{"rendered":"<p>Pedro Delgado, el actual presidente del Banco Central del Ecuador (BCE) y representante de la Unidad de Gesti\u00f3n de Derecho P\u00fablico (Ugedep) est\u00e1 siendo acusado por el asamble\u00edsta Cl\u00e9ver Jim\u00e9nez (Pachakutik) quien en su \u00faltima declaraci\u00f3n, juramentada sobre los bienes de Delgado, a\u00f1adi\u00f3 la sospecha de que el presidente del Banco Central ha cometido el delito de perjurio, el cual es sancionado con reclusi\u00f3n menor de 3 a 6 a\u00f1os. De acuerdo con la denuncia, Delgado habr\u00eda omitido en su declaraci\u00f3n de bienes, entregada a la contralor\u00eda el 10 de noviembre de 2011 (antes de su posesi\u00f3n como presidente del Banco Central), su relaci\u00f3n con la empresa Mediterrnea Venture LLC, cuya sede est\u00e1 en Miami, Estados Unidos. Delgado tampoco detall\u00f3 la deuda de $ 200 mil con Juan Borja Charvet, como parte de pago de la casa adquirida en dicha ciudad. Seg\u00fan el legislador, este hecho, adem\u00e1s de las implicaciones penales, conduce a su destituci\u00f3n. Jim\u00e9nez exhibi\u00f3 un documento de un cheque protestado sobre el estado de cuenta de Mediterranea Ventura LLC. Dicha informaci\u00f3n fue reportada por una funcionaria del Austrobank Panam\u00e1 cuando Delgado ya era presidente del BCE.<\/p>\n","protected":false},"author":1,"featured_media":215159,"comment_status":"open","ping_status":"open","sticky":false,"template":"","format":"standard","meta":[],"categories":[40,37],"tags":[],"_links":{"self":[{"href":"https:\/\/www.ecuadortimes.net\/es\/wp-json\/wp\/v2\/posts\/215158"}],"collection":[{"href":"https:\/\/www.ecuadortimes.net\/es\/wp-json\/wp\/v2\/posts"}],"about":[{"href":"https:\/\/www.ecuadortimes.net\/es\/wp-json\/wp\/v2\/types\/post"}],"author":[{"embeddable":true,"href":"https:\/\/www.ecuadortimes.net\/es\/wp-json\/wp\/v2\/users\/1"}],"replies":[{"embeddable":true,"href":"https:\/\/www.ecuadortimes.net\/es\/wp-json\/wp\/v2\/comments?post=215158"}],"version-history":[{"count":0,"href":"https:\/\/www.ecuadortimes.net\/es\/wp-json\/wp\/v2\/posts\/215158\/revisions"}],"wp:featuredmedia":[{"embeddable":true,"href":"https:\/\/www.ecuadortimes.net\/es\/wp-json\/wp\/v2\/media\/215159"}],"wp:attachment":[{"href":"https:\/\/www.ecuadortimes.net\/es\/wp-json\/wp\/v2\/media?parent=215158"}],"wp:term":[{"taxonomy":"category","embeddable":true,"href":"https:\/\/www.ecuadortimes.net\/es\/wp-json\/wp\/v2\/categories?post=215158"},{"taxonomy":"post_tag","embeddable":true,"href":"https:\/\/www.ecuadortimes.net\/es\/wp-json\/wp\/v2\/tags?post=215158"}],"curies":[{"name":"wp","href":"https:\/\/api.w.org\/{rel}","templated":true}]}}