{"id":215164,"date":"2012-12-14T00:00:00","date_gmt":"2012-12-14T00:00:00","guid":{"rendered":"https:\/\/www.ecuadortimes.net\/es\/recuperacion-de-hugo-chavez-requerira-un-tiempo-prudencial\/"},"modified":"2012-12-14T00:00:00","modified_gmt":"2012-12-14T00:00:00","slug":"recuperacion-de-hugo-chavez-requerira-un-tiempo-prudencial","status":"publish","type":"post","link":"https:\/\/www.ecuadortimes.net\/es\/recuperacion-de-hugo-chavez-requerira-un-tiempo-prudencial\/","title":{"rendered":"Recuperaci\u00f3n de Hugo Ch\u00e1vez requerir\u00e1 un tiempo prudencial"},"content":{"rendered":"<div id=\"attachment_94736\" style=\"width: 310px\" class=\"wp-caption alignright\"><img aria-describedby=\"caption-attachment-94736\" loading=\"lazy\" class=\"size-medium wp-image-94736\" title=\"Recuperaci\u00f3n de Hugo Ch\u00e1vez tomar\u00e1 tiempo\" src=\"http:\/\/media.ecuadortimes.net\/2012\/12\/Chavez-is-not-safe-yet3-300x225.jpg\" alt=\"Recuperaci\u00f3n de Hugo Ch\u00e1vez tomar\u00e1 tiempo\" width=\"300\" height=\"225\" \/><p id=\"caption-attachment-94736\" class=\"wp-caption-text\">Recuperaci\u00f3n de Hugo Ch\u00e1vez tomar\u00e1 tiempo<\/p><\/div>\n<p>El gobierno de <strong>Venezuela<\/strong> admiti\u00f3 ayer que durante la operaci\u00f3n del presidente <strong>Hugo<\/strong> <strong>Ch\u00e1vez<\/strong> sufri\u00f3 complicaciones debido a una hemorragia, aunque indicaron que el gobernante se recupera y sus signos vitales son normales.<\/p>\n<p><strong>Ernesto<\/strong> <strong>Villegas<\/strong>, el ministro de Comunicaci\u00f3n de Venezuela, dijo que Ch\u00e1vez est\u00e1 en un proceso de recuperaci\u00f3n que <strong><em>requerir\u00e1 un tiempo prudencial por la complejidad de la intervenci\u00f3n practicada, as\u00ed como tambi\u00e9n por complicaciones surgidas en el acto quir\u00fargico al presentarse un sangrado que requiri\u00f3 la adopci\u00f3n de medidas correctivas que permitieron su oportuno control<\/em><\/strong>\u009d.<\/p>\n<p>Esta es la primera ocasi\u00f3n en que el gobierno de Venezuela da detalles sobre la recuperaci\u00f3n de Ch\u00e1vez. Por otro lado el doctor venezolano <strong>Jos\u00e9<\/strong> <strong>Marquina<\/strong>, indic\u00f3 por medio de su cuenta de <strong>Twitter<\/strong>, que la salud del gobernante socialista est\u00e1 <strong><em>inmunocomprometido por c\u00e1ncer y esteroides<\/em><\/strong>\u009d. Marquina est\u00e1 a la espera de los resultados de los cultivos para determinar el tipo de infecci\u00f3n y partir de ah\u00ed.<\/p>\n","protected":false},"excerpt":{"rendered":"<p>El gobierno de Venezuela admiti\u00f3 ayer que durante la operaci\u00f3n del presidente Hugo Ch\u00e1vez sufri\u00f3 complicaciones debido a una hemorragia, aunque indicaron que el gobernante se recupera y sus signos vitales son normales. Ernesto Villegas, el ministro de Comunicaci\u00f3n de Venezuela, dijo que Ch\u00e1vez est\u00e1 en un proceso de recuperaci\u00f3n que requerir\u00e1 un tiempo prudencial por la complejidad de la intervenci\u00f3n practicada, as\u00ed como tambi\u00e9n por complicaciones surgidas en el acto quir\u00fargico al presentarse un sangrado que requiri\u00f3 la adopci\u00f3n de medidas correctivas que permitieron su oportuno control\u009d. Esta es la primera ocasi\u00f3n en que el gobierno de Venezuela da detalles sobre la recuperaci\u00f3n de Ch\u00e1vez. Por otro lado el doctor venezolano Jos\u00e9 Marquina, indic\u00f3 por medio de su cuenta de Twitter, que la salud del gobernante socialista est\u00e1 inmunocomprometido por c\u00e1ncer y esteroides\u009d. Marquina est\u00e1 a la espera de los resultados de los cultivos para determinar el tipo de infecci\u00f3n y partir de ah\u00ed.<\/p>\n","protected":false},"author":1,"featured_media":215165,"comment_status":"open","ping_status":"open","sticky":false,"template":"","format":"standard","meta":[],"categories":[34,37],"tags":[],"_links":{"self":[{"href":"https:\/\/www.ecuadortimes.net\/es\/wp-json\/wp\/v2\/posts\/215164"}],"collection":[{"href":"https:\/\/www.ecuadortimes.net\/es\/wp-json\/wp\/v2\/posts"}],"about":[{"href":"https:\/\/www.ecuadortimes.net\/es\/wp-json\/wp\/v2\/types\/post"}],"author":[{"embeddable":true,"href":"https:\/\/www.ecuadortimes.net\/es\/wp-json\/wp\/v2\/users\/1"}],"replies":[{"embeddable":true,"href":"https:\/\/www.ecuadortimes.net\/es\/wp-json\/wp\/v2\/comments?post=215164"}],"version-history":[{"count":0,"href":"https:\/\/www.ecuadortimes.net\/es\/wp-json\/wp\/v2\/posts\/215164\/revisions"}],"wp:featuredmedia":[{"embeddable":true,"href":"https:\/\/www.ecuadortimes.net\/es\/wp-json\/wp\/v2\/media\/215165"}],"wp:attachment":[{"href":"https:\/\/www.ecuadortimes.net\/es\/wp-json\/wp\/v2\/media?parent=215164"}],"wp:term":[{"taxonomy":"category","embeddable":true,"href":"https:\/\/www.ecuadortimes.net\/es\/wp-json\/wp\/v2\/categories?post=215164"},{"taxonomy":"post_tag","embeddable":true,"href":"https:\/\/www.ecuadortimes.net\/es\/wp-json\/wp\/v2\/tags?post=215164"}],"curies":[{"name":"wp","href":"https:\/\/api.w.org\/{rel}","templated":true}]}}