{"id":215170,"date":"2012-12-14T00:00:00","date_gmt":"2012-12-14T00:00:00","guid":{"rendered":"https:\/\/www.ecuadortimes.net\/es\/caso-del-juez-posligua-fue-denunciado-en-la-onu\/"},"modified":"2012-12-14T00:00:00","modified_gmt":"2012-12-14T00:00:00","slug":"caso-del-juez-posligua-fue-denunciado-en-la-onu","status":"publish","type":"post","link":"https:\/\/www.ecuadortimes.net\/es\/caso-del-juez-posligua-fue-denunciado-en-la-onu\/","title":{"rendered":"Caso del juez Posligua fue denunciado en la ONU"},"content":{"rendered":"<div id=\"attachment_94804\" style=\"width: 310px\" class=\"wp-caption alignright\"><img aria-describedby=\"caption-attachment-94804\" loading=\"lazy\" class=\"size-medium wp-image-94804\" title=\"Juez Posligua al momento de ser encarcelado.\" src=\"http:\/\/media.ecuadortimes.net\/2012\/12\/posligua_un_l1-300x209.jpg\" alt=\"Juez Posligua al momento de ser encarcelado.\" width=\"300\" height=\"209\" \/><p id=\"caption-attachment-94804\" class=\"wp-caption-text\">Juez Posligua al momento de ser encarcelado.<\/p><\/div>\n<p>La defensa del juez <strong>Augusto Posligua<\/strong> <strong>Galarza<\/strong>, patrocinada por <strong>Jorge Zavala<\/strong> <strong>Egas<\/strong>, ha denunciado el proceso judicial de <strong>prevaricato<\/strong> de su defendido ante la relatora para la independencia de los jueces y abogados de las <strong>Naciones Unidas<\/strong> (ONU), <strong>Gabriela<\/strong> <strong>Knaul<\/strong>, en <strong>Ginebra<\/strong>.<\/p>\n<p>Zavala solicita a Knaul un <strong>pronunciamiento p\u00fablico<\/strong> y <strong>urgente<\/strong> sobre la detenci\u00f3n de Posligua. Adem\u00e1s, pide que recomiende su <strong>inmediata liberaci\u00f3n<\/strong> y <strong>restituci\u00f3n de su cargo<\/strong> como juez cuarto adjunto de <strong>Trabajo del<\/strong> <strong>Guayas<\/strong>.<\/p>\n<p>Posligua enfrenta un juicio por haber dado lugar parcialmente a una <strong>acci\u00f3n de protecci\u00f3n<\/strong> que interpuso la <strong>exportadora Bananera<\/strong> <strong>Noboa<\/strong>, la cual fren\u00f3 temporalmente el pago del impuesto a la renta correspondiente al a\u00f1o <strong>2005<\/strong> al <strong>Servicio de Rentas Internas<\/strong> (SRI).<\/p>\n<p>&#8220;<em>El recurso ejercido invoc\u00f3 el derecho constitucional a la resistencia<\/em>&#8220;, explic\u00f3 Zavala en su denuncia.<\/p>\n<p>Sin embargo, el presidente de la Corte de Justicia del Guayas, <strong>Francisco<\/strong> <strong>Morales<\/strong>, considera que Posligua obr\u00f3 <strong>maliciosamente<\/strong> en el ejercicio de sus funciones, posiblemente al <strong>ir en contra<\/strong> de una orden judicial que imped\u00eda conceder <strong>medidas cautelares<\/strong> a la exportadora.<\/p>\n<p>Zavala tambi\u00e9n cuestion\u00f3 que el presidente del Consejo de la Judicatura de Transici\u00f3n (CJT), <strong>Paulo Rodr\u00edguez<\/strong> <strong>Molina<\/strong>, ordenara suspender por <strong>noventa<\/strong> <strong>d\u00edas<\/strong> las funciones de Posligua sin conocer la supuesta <em>responsabilidad<\/em>\u009d en el presunto delito.<\/p>\n<p>Por dichas razones, Zavala acudi\u00f3 a la <strong>Oficina del Alto Comisionado de la ONU para los Derechos Humanos<\/strong> para que le solicite informaci\u00f3n al <strong>Gobierno Nacional<\/strong> de <strong>Ecuador<\/strong> en torno al <strong>caso Posligua<\/strong>.<\/p>\n<p>Posligua ya es el <strong>quinto juez<\/strong> procesado por prevaricato en el <strong>2012<\/strong>.<\/p>\n","protected":false},"excerpt":{"rendered":"<p>La defensa del juez Augusto Posligua Galarza, patrocinada por Jorge Zavala Egas, ha denunciado el proceso judicial de prevaricato de su defendido ante la relatora para la independencia de los jueces y abogados de las Naciones Unidas (ONU), Gabriela Knaul, en Ginebra. Zavala solicita a Knaul un pronunciamiento p\u00fablico y urgente sobre la detenci\u00f3n de Posligua. Adem\u00e1s, pide que recomiende su inmediata liberaci\u00f3n y restituci\u00f3n de su cargo como juez cuarto adjunto de Trabajo del Guayas. Posligua enfrenta un juicio por haber dado lugar parcialmente a una acci\u00f3n de protecci\u00f3n que interpuso la exportadora Bananera Noboa, la cual fren\u00f3 temporalmente el pago del impuesto a la renta correspondiente al a\u00f1o 2005 al Servicio de Rentas Internas (SRI). &#8220;El recurso ejercido invoc\u00f3 el derecho constitucional a la resistencia&#8220;, explic\u00f3 Zavala en su denuncia. Sin embargo, el presidente de la Corte de Justicia del Guayas, Francisco Morales, considera que Posligua obr\u00f3 maliciosamente en el ejercicio de sus funciones, posiblemente al ir en contra de una orden judicial que imped\u00eda conceder medidas cautelares a la exportadora. Zavala tambi\u00e9n cuestion\u00f3 que el presidente del Consejo de la Judicatura de Transici\u00f3n (CJT), Paulo Rodr\u00edguez Molina, ordenara suspender por noventa d\u00edas las funciones de Posligua sin conocer la supuesta responsabilidad\u009d en el presunto delito. Por dichas razones, Zavala acudi\u00f3 a la Oficina del Alto Comisionado de la ONU para los Derechos Humanos para que le solicite informaci\u00f3n al Gobierno Nacional de Ecuador en torno al caso Posligua. Posligua ya es el quinto juez procesado por prevaricato en el 2012.<\/p>\n","protected":false},"author":1,"featured_media":215171,"comment_status":"open","ping_status":"open","sticky":false,"template":"","format":"standard","meta":[],"categories":[41,37],"tags":[],"_links":{"self":[{"href":"https:\/\/www.ecuadortimes.net\/es\/wp-json\/wp\/v2\/posts\/215170"}],"collection":[{"href":"https:\/\/www.ecuadortimes.net\/es\/wp-json\/wp\/v2\/posts"}],"about":[{"href":"https:\/\/www.ecuadortimes.net\/es\/wp-json\/wp\/v2\/types\/post"}],"author":[{"embeddable":true,"href":"https:\/\/www.ecuadortimes.net\/es\/wp-json\/wp\/v2\/users\/1"}],"replies":[{"embeddable":true,"href":"https:\/\/www.ecuadortimes.net\/es\/wp-json\/wp\/v2\/comments?post=215170"}],"version-history":[{"count":0,"href":"https:\/\/www.ecuadortimes.net\/es\/wp-json\/wp\/v2\/posts\/215170\/revisions"}],"wp:featuredmedia":[{"embeddable":true,"href":"https:\/\/www.ecuadortimes.net\/es\/wp-json\/wp\/v2\/media\/215171"}],"wp:attachment":[{"href":"https:\/\/www.ecuadortimes.net\/es\/wp-json\/wp\/v2\/media?parent=215170"}],"wp:term":[{"taxonomy":"category","embeddable":true,"href":"https:\/\/www.ecuadortimes.net\/es\/wp-json\/wp\/v2\/categories?post=215170"},{"taxonomy":"post_tag","embeddable":true,"href":"https:\/\/www.ecuadortimes.net\/es\/wp-json\/wp\/v2\/tags?post=215170"}],"curies":[{"name":"wp","href":"https:\/\/api.w.org\/{rel}","templated":true}]}}