{"id":215181,"date":"2012-12-15T00:00:00","date_gmt":"2012-12-15T00:00:00","guid":{"rendered":"https:\/\/www.ecuadortimes.net\/es\/liderazgo-regional-no-le-interesa-a-correa\/"},"modified":"2012-12-15T00:00:00","modified_gmt":"2012-12-15T00:00:00","slug":"liderazgo-regional-no-le-interesa-a-correa","status":"publish","type":"post","link":"https:\/\/www.ecuadortimes.net\/es\/liderazgo-regional-no-le-interesa-a-correa\/","title":{"rendered":"Liderazgo regional no le interesa a Correa"},"content":{"rendered":"<div id=\"attachment_94878\" style=\"width: 190px\" class=\"wp-caption alignright\"><img aria-describedby=\"caption-attachment-94878\" loading=\"lazy\" class=\" wp-image-94878 \" title=\"Rafael Correa\" src=\"http:\/\/media.ecuadortimes.net\/2012\/12\/Correa-and-the-leadership3-300x225.jpg\" alt=\"Rafael Correa\" width=\"180\" height=\"135\" \/><p id=\"caption-attachment-94878\" class=\"wp-caption-text\">Rafael Correa<\/p><\/div>\n<p>En declaraciones formuladas en <strong>Machala<\/strong>, donde lleg\u00f3 para desarrollar su gabinete itinerante, el presidente de la rep\u00fablica, <strong>Rafael<\/strong> <strong>Correa<\/strong>, asegur\u00f3 no tener ning\u00fan inter\u00e9s por convertirse en l\u00edder regional, esto a prop\u00f3sito de la grave enfermedad que acusa su hom\u00f3logo venezolano, <strong>Hugo<\/strong> <strong>Ch\u00e1vez<\/strong>, quien de una u otra manera ha sido cabeza visible de la regi\u00f3n.<\/p>\n<p>&#8220;<strong><em>No me interesa en absoluto ser una figura pol\u00edtica representativa, ser l\u00edder regional; cr\u00e9anme que ya tengo suficiente trabajo dentro del pa\u00eds<\/em><\/strong>&#8220;, precis\u00f3 al tiempo de se\u00f1alar que el liderazgo sirve para orientar y coordinar, pero, afirm\u00f3, en la pr\u00e1ctica los cambios los hacen los pueblos.<\/p>\n","protected":false},"excerpt":{"rendered":"<p>En declaraciones formuladas en Machala, donde lleg\u00f3 para desarrollar su gabinete itinerante, el presidente de la rep\u00fablica, Rafael Correa, asegur\u00f3 no tener ning\u00fan inter\u00e9s por convertirse en l\u00edder regional, esto a prop\u00f3sito de la grave enfermedad que acusa su hom\u00f3logo venezolano, Hugo Ch\u00e1vez, quien de una u otra manera ha sido cabeza visible de la regi\u00f3n. &#8220;No me interesa en absoluto ser una figura pol\u00edtica representativa, ser l\u00edder regional; cr\u00e9anme que ya tengo suficiente trabajo dentro del pa\u00eds&#8220;, precis\u00f3 al tiempo de se\u00f1alar que el liderazgo sirve para orientar y coordinar, pero, afirm\u00f3, en la pr\u00e1ctica los cambios los hacen los pueblos.<\/p>\n","protected":false},"author":1,"featured_media":215182,"comment_status":"open","ping_status":"open","sticky":false,"template":"","format":"standard","meta":[],"categories":[40,37],"tags":[],"_links":{"self":[{"href":"https:\/\/www.ecuadortimes.net\/es\/wp-json\/wp\/v2\/posts\/215181"}],"collection":[{"href":"https:\/\/www.ecuadortimes.net\/es\/wp-json\/wp\/v2\/posts"}],"about":[{"href":"https:\/\/www.ecuadortimes.net\/es\/wp-json\/wp\/v2\/types\/post"}],"author":[{"embeddable":true,"href":"https:\/\/www.ecuadortimes.net\/es\/wp-json\/wp\/v2\/users\/1"}],"replies":[{"embeddable":true,"href":"https:\/\/www.ecuadortimes.net\/es\/wp-json\/wp\/v2\/comments?post=215181"}],"version-history":[{"count":0,"href":"https:\/\/www.ecuadortimes.net\/es\/wp-json\/wp\/v2\/posts\/215181\/revisions"}],"wp:featuredmedia":[{"embeddable":true,"href":"https:\/\/www.ecuadortimes.net\/es\/wp-json\/wp\/v2\/media\/215182"}],"wp:attachment":[{"href":"https:\/\/www.ecuadortimes.net\/es\/wp-json\/wp\/v2\/media?parent=215181"}],"wp:term":[{"taxonomy":"category","embeddable":true,"href":"https:\/\/www.ecuadortimes.net\/es\/wp-json\/wp\/v2\/categories?post=215181"},{"taxonomy":"post_tag","embeddable":true,"href":"https:\/\/www.ecuadortimes.net\/es\/wp-json\/wp\/v2\/tags?post=215181"}],"curies":[{"name":"wp","href":"https:\/\/api.w.org\/{rel}","templated":true}]}}