{"id":217808,"date":"2013-04-12T00:00:00","date_gmt":"2013-04-12T00:00:00","guid":{"rendered":"https:\/\/www.ecuadortimes.net\/es\/fausto-valdiviezo-una-voz-comunitaria-silenciada\/"},"modified":"2013-04-12T00:00:00","modified_gmt":"2013-04-12T00:00:00","slug":"fausto-valdiviezo-una-voz-comunitaria-silenciada","status":"publish","type":"post","link":"https:\/\/www.ecuadortimes.net\/es\/fausto-valdiviezo-una-voz-comunitaria-silenciada\/","title":{"rendered":"Fausto Valdiviezo, una voz comunitaria silenciada"},"content":{"rendered":"<div id=\"attachment_110814\" style=\"width: 310px\" class=\"wp-caption alignright\"><img aria-describedby=\"caption-attachment-110814\" loading=\"lazy\" class=\"size-medium wp-image-110814\" title=\"Fausto Valdiviezo (1959-2013)\" src=\"http:\/\/media.ecuadortimes.net\/2013\/04\/Fausto-Valdiviezo-is-gone-thanks-to-Ecuadors-corruption4-300x225.jpg\" alt=\"Fausto Valdiviezo (1959-2013)\" width=\"300\" height=\"225\" \/><p id=\"caption-attachment-110814\" class=\"wp-caption-text\">Fausto Valdiviezo (1959-2013)<\/p><\/div>\n<p>El periodista <strong>Fausto Guido Valdiviezo Moscoso<\/strong>, nacido en 1959, estaba pronto a cumplir 53 a\u00f1os. Se desempe\u00f1\u00f3 en la televisi\u00f3n como reportero y presentador, enfoc\u00e1ndose siempre en el \u00e1rea de noticias y la comunidad.<\/p>\n<p>Durante la d\u00e9cada de los ochenta incursion\u00f3 en la pantalla chica. Ecuavisa, S\u00edTV, RTS y TC Televisi\u00f3n, fueron canales en donde se destac\u00f3 por su labor para atender los problemas de la gente. Cuando estuvo en <strong>TC Televisi\u00f3n<\/strong>, represent\u00f3 a los trabajadores cuando el canal fue incautado por el Estado. En varias ocasiones labor\u00f3 en estaciones radiales con programas de opini\u00f3n, denuncias de problemas comunitarios y noticieros.<\/p>\n<p>En abril de 2013, Valdiviezo ten\u00eda previsto incorporarse a <strong>Teleamazonas<\/strong> como presentador del programa \u0098<strong><em>Lo sabe, no lo sabe\u0099<\/em><\/strong>. <strong><em>No ser\u00eda extra\u00f1o verme en el centro de la ciudad, en la playa, centros comerciales, en Dur\u00e1n y localidades cercanas<\/em><\/strong>\u009d, dijo el difunto periodista, quien era un aficionado al f\u00fatbol e hincha de Emelec, gustaba de la playa, el rock, los autos cl\u00e1sicos y conducir motos.<\/p>\n<p>La pasi\u00f3n que lo caracterizaba era el acontecer diario, asiduo seguidor de las redes sociales y adem\u00e1s incursion\u00f3 en Internet con un canal on-line.<\/p>\n<p>Valdiviezo indic\u00f3 que regresaba para quedarse en la televisi\u00f3n para estrenar un programa. <strong><em>\u00a6 Y hablo en la televisi\u00f3n en general. Tengo un contrato por 63 programas que s\u00e9 que van a tener el \u00e9xito que espera el canal. S\u00e9 que el \u00e9xito viene y ah\u00ed voy a estar<\/em><\/strong>\u009d, refiri\u00f3 respecto a su retorno a la televisi\u00f3n.<\/p>\n","protected":false},"excerpt":{"rendered":"<p>El periodista Fausto Guido Valdiviezo Moscoso, nacido en 1959, estaba pronto a cumplir 53 a\u00f1os. Se desempe\u00f1\u00f3 en la televisi\u00f3n como reportero y presentador, enfoc\u00e1ndose siempre en el \u00e1rea de noticias y la comunidad. Durante la d\u00e9cada de los ochenta incursion\u00f3 en la pantalla chica. Ecuavisa, S\u00edTV, RTS y TC Televisi\u00f3n, fueron canales en donde se destac\u00f3 por su labor para atender los problemas de la gente. Cuando estuvo en TC Televisi\u00f3n, represent\u00f3 a los trabajadores cuando el canal fue incautado por el Estado. En varias ocasiones labor\u00f3 en estaciones radiales con programas de opini\u00f3n, denuncias de problemas comunitarios y noticieros. En abril de 2013, Valdiviezo ten\u00eda previsto incorporarse a Teleamazonas como presentador del programa \u0098Lo sabe, no lo sabe\u0099. No ser\u00eda extra\u00f1o verme en el centro de la ciudad, en la playa, centros comerciales, en Dur\u00e1n y localidades cercanas\u009d, dijo el difunto periodista, quien era un aficionado al f\u00fatbol e hincha de Emelec, gustaba de la playa, el rock, los autos cl\u00e1sicos y conducir motos. La pasi\u00f3n que lo caracterizaba era el acontecer diario, asiduo seguidor de las redes sociales y adem\u00e1s incursion\u00f3 en Internet con un canal on-line. Valdiviezo indic\u00f3 que regresaba para quedarse en la televisi\u00f3n para estrenar un programa. \u00a6 Y hablo en la televisi\u00f3n en general. Tengo un contrato por 63 programas que s\u00e9 que van a tener el \u00e9xito que espera el canal. S\u00e9 que el \u00e9xito viene y ah\u00ed voy a estar\u009d, refiri\u00f3 respecto a su retorno a la televisi\u00f3n.<\/p>\n","protected":false},"author":1,"featured_media":217809,"comment_status":"open","ping_status":"open","sticky":false,"template":"","format":"standard","meta":[],"categories":[35,37],"tags":[],"_links":{"self":[{"href":"https:\/\/www.ecuadortimes.net\/es\/wp-json\/wp\/v2\/posts\/217808"}],"collection":[{"href":"https:\/\/www.ecuadortimes.net\/es\/wp-json\/wp\/v2\/posts"}],"about":[{"href":"https:\/\/www.ecuadortimes.net\/es\/wp-json\/wp\/v2\/types\/post"}],"author":[{"embeddable":true,"href":"https:\/\/www.ecuadortimes.net\/es\/wp-json\/wp\/v2\/users\/1"}],"replies":[{"embeddable":true,"href":"https:\/\/www.ecuadortimes.net\/es\/wp-json\/wp\/v2\/comments?post=217808"}],"version-history":[{"count":0,"href":"https:\/\/www.ecuadortimes.net\/es\/wp-json\/wp\/v2\/posts\/217808\/revisions"}],"wp:featuredmedia":[{"embeddable":true,"href":"https:\/\/www.ecuadortimes.net\/es\/wp-json\/wp\/v2\/media\/217809"}],"wp:attachment":[{"href":"https:\/\/www.ecuadortimes.net\/es\/wp-json\/wp\/v2\/media?parent=217808"}],"wp:term":[{"taxonomy":"category","embeddable":true,"href":"https:\/\/www.ecuadortimes.net\/es\/wp-json\/wp\/v2\/categories?post=217808"},{"taxonomy":"post_tag","embeddable":true,"href":"https:\/\/www.ecuadortimes.net\/es\/wp-json\/wp\/v2\/tags?post=217808"}],"curies":[{"name":"wp","href":"https:\/\/api.w.org\/{rel}","templated":true}]}}