{"id":217817,"date":"2013-04-12T00:00:00","date_gmt":"2013-04-12T00:00:00","guid":{"rendered":"https:\/\/www.ecuadortimes.net\/es\/capriles-nosotros-vamos-a-ganar-las-elecciones-no-se-dejen-provocar\/"},"modified":"2013-04-12T00:00:00","modified_gmt":"2013-04-12T00:00:00","slug":"capriles-nosotros-vamos-a-ganar-las-elecciones-no-se-dejen-provocar","status":"publish","type":"post","link":"https:\/\/www.ecuadortimes.net\/es\/capriles-nosotros-vamos-a-ganar-las-elecciones-no-se-dejen-provocar\/","title":{"rendered":"Capriles: Nosotros vamos a ganar las elecciones, no se dejen provocar"},"content":{"rendered":"<p>Con la promesa de que ganar\u00e1 las elecciones y la recomendaci\u00f3n al pueblo para que no se deje provocar, el candidato de oposici\u00f3n, <strong>Henrique Capriles,<\/strong> termin\u00f3 ayer su campa\u00f1a en la ciudad de <strong>Barquisimeto,<\/strong> estado de Lara, a tres d\u00edas de las elecciones presidenciales en <strong>Venezuela.<\/strong><\/p>\n<p>Despu\u00e9s de un recorrido entre la gente, el l\u00edder de la oposici\u00f3n subi\u00f3 a la tarima pasadas las <strong>18h00.<\/strong> Antes de su intervenci\u00f3n, el gobernador del estado Lara y jefe del Comando Sim\u00f3n Bol\u00edvar,<strong> Henri<\/strong> <strong>Falc\u00f3n,<\/strong> pronunci\u00f3 un discurso convocando a la unidad.<\/p>\n<p>&#8220;<em>Venimos a pedirle a Dios y a la divina Pastora que le ilumine el camino a Henrique Capriles para que conduzca los destinos de este pa\u00eds<\/em>&#8220;, expres\u00f3.<\/p>\n<p>En respuesta, Capriles, con sollozos en el rostro, agradeci\u00f3\u00a0 <em>infinitamente<\/em>\u009d al pueblo de Lara por la multitudinaria asistencia al acto. <em>Que cruzada llena de esperanza, ven que si val\u00eda la pena. Siempre vale la pena luchar por el futuro y por la paz de nuestro pueblo<\/em>\u009d, asever\u00f3 delante de <strong>miles<\/strong> de personas que se reunieron en la ciudad larense.<\/p>\n<div id=\"attachment_110862\" style=\"width: 510px\" class=\"wp-caption aligncenter\"><img aria-describedby=\"caption-attachment-110862\" loading=\"lazy\" class=\"size-full wp-image-110862\" title=\"Henrique Capriles\" src=\"http:\/\/media.ecuadortimes.net\/2013\/04\/capriles_pide_votos_l1.jpg\" alt=\"Henrique Capriles\" width=\"500\" height=\"375\" \/><p id=\"caption-attachment-110862\" class=\"wp-caption-text\">Henrique Capriles<\/p><\/div>\n<p>Decret\u00f3 que el <strong>lunes 15 de abril<\/strong> habr\u00e1 una nueva Venezuela. <em>Todos a darnos el abrazo de la esperanza<\/em>\u009d. Capriles agreg\u00f3 que \u00e9l no busca un cargo, sino transformar el pa\u00eds. &#8220;<em>Hacer de Venezuela lo que so\u00f1amos. Estoy aqu\u00ed para convertirme en el motor, junto a ustedes, de la soluci\u00f3n a los problemas que vive nuestro pueblo<\/em>\u009d.<\/p>\n<p>Finalmente, Capriles llam\u00f3 a los venezolanos a no dejarse provocar. &#8220;<em>Nosotros vamos a ganar las elecciones el pr\u00f3ximo domingo. Mentira fresca result\u00f3 un fraude de candidato, se derrumb\u00f3 porque la verdad recorre las calles de Venezuela<\/em>&#8220;, dijo en alusi\u00f3n a su principal opositor, el candidato presidente <strong>Nicol\u00e1s Maduro.<\/strong><\/p>\n","protected":false},"excerpt":{"rendered":"<p>Con la promesa de que ganar\u00e1 las elecciones y la recomendaci\u00f3n al pueblo para que no se deje provocar, el candidato de oposici\u00f3n, Henrique Capriles, termin\u00f3 ayer su campa\u00f1a en la ciudad de Barquisimeto, estado de Lara, a tres d\u00edas de las elecciones presidenciales en Venezuela. Despu\u00e9s de un recorrido entre la gente, el l\u00edder de la oposici\u00f3n subi\u00f3 a la tarima pasadas las 18h00. Antes de su intervenci\u00f3n, el gobernador del estado Lara y jefe del Comando Sim\u00f3n Bol\u00edvar, Henri Falc\u00f3n, pronunci\u00f3 un discurso convocando a la unidad. &#8220;Venimos a pedirle a Dios y a la divina Pastora que le ilumine el camino a Henrique Capriles para que conduzca los destinos de este pa\u00eds&#8220;, expres\u00f3. En respuesta, Capriles, con sollozos en el rostro, agradeci\u00f3\u00a0 infinitamente\u009d al pueblo de Lara por la multitudinaria asistencia al acto. Que cruzada llena de esperanza, ven que si val\u00eda la pena. Siempre vale la pena luchar por el futuro y por la paz de nuestro pueblo\u009d, asever\u00f3 delante de miles de personas que se reunieron en la ciudad larense. Decret\u00f3 que el lunes 15 de abril habr\u00e1 una nueva Venezuela. Todos a darnos el abrazo de la esperanza\u009d. Capriles agreg\u00f3 que \u00e9l no busca un cargo, sino transformar el pa\u00eds. &#8220;Hacer de Venezuela lo que so\u00f1amos. Estoy aqu\u00ed para convertirme en el motor, junto a ustedes, de la soluci\u00f3n a los problemas que vive nuestro pueblo\u009d. Finalmente, Capriles llam\u00f3 a los venezolanos a no dejarse provocar. &#8220;Nosotros vamos a ganar las elecciones el pr\u00f3ximo domingo. Mentira fresca result\u00f3 un fraude de candidato, se derrumb\u00f3 porque la verdad recorre las calles de Venezuela&#8220;, dijo en alusi\u00f3n a su principal opositor, el candidato presidente Nicol\u00e1s Maduro.<\/p>\n","protected":false},"author":1,"featured_media":217818,"comment_status":"open","ping_status":"open","sticky":false,"template":"","format":"standard","meta":[],"categories":[34,37],"tags":[],"_links":{"self":[{"href":"https:\/\/www.ecuadortimes.net\/es\/wp-json\/wp\/v2\/posts\/217817"}],"collection":[{"href":"https:\/\/www.ecuadortimes.net\/es\/wp-json\/wp\/v2\/posts"}],"about":[{"href":"https:\/\/www.ecuadortimes.net\/es\/wp-json\/wp\/v2\/types\/post"}],"author":[{"embeddable":true,"href":"https:\/\/www.ecuadortimes.net\/es\/wp-json\/wp\/v2\/users\/1"}],"replies":[{"embeddable":true,"href":"https:\/\/www.ecuadortimes.net\/es\/wp-json\/wp\/v2\/comments?post=217817"}],"version-history":[{"count":0,"href":"https:\/\/www.ecuadortimes.net\/es\/wp-json\/wp\/v2\/posts\/217817\/revisions"}],"wp:featuredmedia":[{"embeddable":true,"href":"https:\/\/www.ecuadortimes.net\/es\/wp-json\/wp\/v2\/media\/217818"}],"wp:attachment":[{"href":"https:\/\/www.ecuadortimes.net\/es\/wp-json\/wp\/v2\/media?parent=217817"}],"wp:term":[{"taxonomy":"category","embeddable":true,"href":"https:\/\/www.ecuadortimes.net\/es\/wp-json\/wp\/v2\/categories?post=217817"},{"taxonomy":"post_tag","embeddable":true,"href":"https:\/\/www.ecuadortimes.net\/es\/wp-json\/wp\/v2\/tags?post=217817"}],"curies":[{"name":"wp","href":"https:\/\/api.w.org\/{rel}","templated":true}]}}