{"id":217823,"date":"2013-04-12T00:00:00","date_gmt":"2013-04-12T00:00:00","guid":{"rendered":"https:\/\/www.ecuadortimes.net\/es\/estados-unidos-jamas-aceptara-una-corea-del-norte-con-armamento-nuclear\/"},"modified":"2013-04-12T00:00:00","modified_gmt":"2013-04-12T00:00:00","slug":"estados-unidos-jamas-aceptara-una-corea-del-norte-con-armamento-nuclear","status":"publish","type":"post","link":"https:\/\/www.ecuadortimes.net\/es\/estados-unidos-jamas-aceptara-una-corea-del-norte-con-armamento-nuclear\/","title":{"rendered":"Estados Unidos jam\u00e1s aceptar\u00e1 una Corea del Norte con armamento nuclear"},"content":{"rendered":"<div id=\"attachment_110898\" style=\"width: 310px\" class=\"wp-caption alignright\"><img aria-describedby=\"caption-attachment-110898\" loading=\"lazy\" class=\"size-medium wp-image-110898\" title=\"John Kerry\" src=\"http:\/\/media.ecuadortimes.net\/2013\/04\/John-Kerry3-300x225.jpg\" alt=\"John Kerry\" width=\"300\" height=\"225\" \/><p id=\"caption-attachment-110898\" class=\"wp-caption-text\">John Kerry<\/p><\/div>\n<p><strong>John Kerry<\/strong>, el secretario de Estado de <strong>Estados Unidos<\/strong>, declar\u00f3 que <strong>Washington<\/strong> nunca aceptar\u00eda que el herm\u00e9tico y aislado estado de <strong>Corea del<\/strong> <strong>Norte<\/strong>, se convierta en una potencia at\u00f3mica.<\/p>\n<p>Kerry habl\u00f3 con la prensa tras una conversaci\u00f3n con la presidenta de <strong>Corea del<\/strong> <strong>Sur<\/strong>, <strong>Park Geun-hye<\/strong>, y l\u00edderes del contingente de 28 000 efectivos norteamericanos desplegado en ese pa\u00eds. Tambi\u00e9n indic\u00f3 que Estados Unidos defender\u00e1 a sus aliados en la regi\u00f3n si fuese necesario.<\/p>\n<p><strong><em>La ret\u00f3rica que estamos escuchando desde Corea del Norte es simplemente inaceptable desde cualquier par\u00e1metro<\/em><\/strong>\u009d, dijo Kerry al tiempo que agreg\u00f3: <strong><em>Estamos todos unidos en el hecho de que Corea del Norte no ser\u00e1 aceptada como una potencia nuclear<\/em><\/strong>\u009d.<\/p>\n<p>La visita de Kerry coincide con los preparativos para el aniversario del difunto l\u00edder norcoreano <strong>Kim Il-sung<\/strong>, lo que se podr\u00eda utilizar como pretexto para una demostraci\u00f3n militar de fuerza.<\/p>\n","protected":false},"excerpt":{"rendered":"<p>John Kerry, el secretario de Estado de Estados Unidos, declar\u00f3 que Washington nunca aceptar\u00eda que el herm\u00e9tico y aislado estado de Corea del Norte, se convierta en una potencia at\u00f3mica. Kerry habl\u00f3 con la prensa tras una conversaci\u00f3n con la presidenta de Corea del Sur, Park Geun-hye, y l\u00edderes del contingente de 28 000 efectivos norteamericanos desplegado en ese pa\u00eds. Tambi\u00e9n indic\u00f3 que Estados Unidos defender\u00e1 a sus aliados en la regi\u00f3n si fuese necesario. La ret\u00f3rica que estamos escuchando desde Corea del Norte es simplemente inaceptable desde cualquier par\u00e1metro\u009d, dijo Kerry al tiempo que agreg\u00f3: Estamos todos unidos en el hecho de que Corea del Norte no ser\u00e1 aceptada como una potencia nuclear\u009d. La visita de Kerry coincide con los preparativos para el aniversario del difunto l\u00edder norcoreano Kim Il-sung, lo que se podr\u00eda utilizar como pretexto para una demostraci\u00f3n militar de fuerza.<\/p>\n","protected":false},"author":1,"featured_media":217824,"comment_status":"open","ping_status":"open","sticky":false,"template":"","format":"standard","meta":[],"categories":[34,37],"tags":[],"_links":{"self":[{"href":"https:\/\/www.ecuadortimes.net\/es\/wp-json\/wp\/v2\/posts\/217823"}],"collection":[{"href":"https:\/\/www.ecuadortimes.net\/es\/wp-json\/wp\/v2\/posts"}],"about":[{"href":"https:\/\/www.ecuadortimes.net\/es\/wp-json\/wp\/v2\/types\/post"}],"author":[{"embeddable":true,"href":"https:\/\/www.ecuadortimes.net\/es\/wp-json\/wp\/v2\/users\/1"}],"replies":[{"embeddable":true,"href":"https:\/\/www.ecuadortimes.net\/es\/wp-json\/wp\/v2\/comments?post=217823"}],"version-history":[{"count":0,"href":"https:\/\/www.ecuadortimes.net\/es\/wp-json\/wp\/v2\/posts\/217823\/revisions"}],"wp:featuredmedia":[{"embeddable":true,"href":"https:\/\/www.ecuadortimes.net\/es\/wp-json\/wp\/v2\/media\/217824"}],"wp:attachment":[{"href":"https:\/\/www.ecuadortimes.net\/es\/wp-json\/wp\/v2\/media?parent=217823"}],"wp:term":[{"taxonomy":"category","embeddable":true,"href":"https:\/\/www.ecuadortimes.net\/es\/wp-json\/wp\/v2\/categories?post=217823"},{"taxonomy":"post_tag","embeddable":true,"href":"https:\/\/www.ecuadortimes.net\/es\/wp-json\/wp\/v2\/tags?post=217823"}],"curies":[{"name":"wp","href":"https:\/\/api.w.org\/{rel}","templated":true}]}}