{"id":217829,"date":"2013-04-13T00:00:00","date_gmt":"2013-04-13T00:00:00","guid":{"rendered":"https:\/\/www.ecuadortimes.net\/es\/investigacion-sin-pista-del-asesinato-de-periodista-fausto-valdiviezo\/"},"modified":"2013-04-13T00:00:00","modified_gmt":"2013-04-13T00:00:00","slug":"investigacion-sin-pista-del-asesinato-de-periodista-fausto-valdiviezo","status":"publish","type":"post","link":"https:\/\/www.ecuadortimes.net\/es\/investigacion-sin-pista-del-asesinato-de-periodista-fausto-valdiviezo\/","title":{"rendered":"Investigaci\u00f3n sin pista del asesinato de periodista Fausto Valdiviezo"},"content":{"rendered":"<div id=\"attachment_110939\" style=\"width: 220px\" class=\"wp-caption alignright\"><img aria-describedby=\"caption-attachment-110939\" loading=\"lazy\" class=\" wp-image-110939 \" title=\"Fausto Valdiviezo\" src=\"http:\/\/media.ecuadortimes.net\/2013\/04\/Fausto-Valdiviezo3-300x225.jpg\" alt=\"Fausto Valdiviezo\" width=\"210\" height=\"158\" \/><p id=\"caption-attachment-110939\" class=\"wp-caption-text\">Fausto Valdiviezo<\/p><\/div>\n<p>Las autoridades iniciaron las investigaciones por el asesinato del periodista guayaquile\u00f1o <strong>Fausto<\/strong> <strong>Valdiviezo<\/strong>, baleado la noche del\u00a0 jueves por desconocidos al salir de la casa de su madre en la ciudadela <strong>La Atarazana<\/strong>, al norte de la ciudad.<\/p>\n<p>El Ministerio del Interior inform\u00f3 que 100 polic\u00edas investigadores trabajan para dar con los responsables del atentado que termin\u00f3 con la vida de Valdiviezo. Se conoci\u00f3 que en <strong>Quito<\/strong> y <strong>Guayaquil<\/strong> se manten\u00edan reuniones, entre polic\u00edas y funcionarios, para recoger las hip\u00f3tesis sobre el hecho criminal; mientras tanto, familiares y amigos del periodista dijeron desconocer posibles m\u00f3viles del hecho, pero reiteraron que a Valdiviezo lo intentaron asesinar un d\u00eda antes al salir de su casa aunque el periodista no denunci\u00f3 el hecho.<\/p>\n<p>Allegados expresaron que la ma\u00f1ana de ayer, dos agentes de la Polic\u00eda Judicial (PJ) acudieron a la vivienda de la familia de Valdiviezo, en <strong>Villa Club<\/strong>, para obtener m\u00e1s detalles para la investigaci\u00f3n del primer atentado. Mientras que en su cuenta de Twitter, @MashiRafael, el presidente <strong>Rafael<\/strong> <strong>Correa<\/strong> escribi\u00f3: <strong><em>Consternados por asesinato de Fausto Valdiviezo. Un abrazo solidario a su familia y el compromiso de que el crimen no quede en la impunidad<\/em><\/strong>\u009d.<\/p>\n<div id=\"attachment_110940\" style=\"width: 310px\" class=\"wp-caption alignleft\"><img aria-describedby=\"caption-attachment-110940\" loading=\"lazy\" class=\"size-medium wp-image-110940\" title=\"Correa tuitea sobre el fallecimiento de Fausto Valdiviezo\" src=\"http:\/\/media.ecuadortimes.net\/2013\/04\/Correa-twitts-of-Fausto-Valdiviezo1-300x151.jpg\" alt=\"Correa tuitea sobre el fallecimiento de Fausto Valdiviezo\" width=\"300\" height=\"151\" \/><p id=\"caption-attachment-110940\" class=\"wp-caption-text\">Correa tuitea sobre el fallecimiento de Fausto Valdiviezo<\/p><\/div>\n<p>En tanto, la gobernadora <strong>Viviana<\/strong> <strong>Bonilla<\/strong>, a trav\u00e9s de su cuenta, @viviana_bonilla, public\u00f3: <strong><em>Nuestro pesar con la familia de #FaustoValdivieso, no permitiremos que este crimen quede en la impunidad. Polic\u00eda inici\u00f3 investigaciones<\/em><\/strong>\u009d. De una manera similar, la ministra de Defensa, <strong>Mar\u00eda Fernanda Espinosa<\/strong>, present\u00f3 sus condolencias para la familia del periodista e indic\u00f3 que la Polic\u00eda est\u00e1 <strong><em>agotando esfuerzos para que se haga justicia<\/em><\/strong>\u009d.<\/p>\n<p>De su lado, el coordinador de la Unidad de Flagrancia, <strong>William<\/strong> <strong>Aguilar<\/strong>, dijo que se hab\u00eda iniciado la indagaci\u00f3n. Una de las primeras diligencias fue el allanamiento en la casa del comunicador, en <strong>Los<\/strong> <strong>Samanes<\/strong>.<\/p>\n<p>Las autoridades han pedido colaboraci\u00f3n por parte de familiares y amigos y han reiterado que en cuanto sea posible informar\u00e1n el curso de las investigaciones.<\/p>\n<p>Por su parte, la familia del desaparecido periodista particip\u00f3 del sepelio la tarde de ayer, en medio de la consternaci\u00f3n general de familiares, amigos, colegas periodistas e incluso ciudadan\u00eda que lo conoci\u00f3 a trav\u00e9s de la pantalla de televisi\u00f3n presentador y reportero.<\/p>\n","protected":false},"excerpt":{"rendered":"<p>Las autoridades iniciaron las investigaciones por el asesinato del periodista guayaquile\u00f1o Fausto Valdiviezo, baleado la noche del\u00a0 jueves por desconocidos al salir de la casa de su madre en la ciudadela La Atarazana, al norte de la ciudad. El Ministerio del Interior inform\u00f3 que 100 polic\u00edas investigadores trabajan para dar con los responsables del atentado que termin\u00f3 con la vida de Valdiviezo. Se conoci\u00f3 que en Quito y Guayaquil se manten\u00edan reuniones, entre polic\u00edas y funcionarios, para recoger las hip\u00f3tesis sobre el hecho criminal; mientras tanto, familiares y amigos del periodista dijeron desconocer posibles m\u00f3viles del hecho, pero reiteraron que a Valdiviezo lo intentaron asesinar un d\u00eda antes al salir de su casa aunque el periodista no denunci\u00f3 el hecho. Allegados expresaron que la ma\u00f1ana de ayer, dos agentes de la Polic\u00eda Judicial (PJ) acudieron a la vivienda de la familia de Valdiviezo, en Villa Club, para obtener m\u00e1s detalles para la investigaci\u00f3n del primer atentado. Mientras que en su cuenta de Twitter, @MashiRafael, el presidente Rafael Correa escribi\u00f3: Consternados por asesinato de Fausto Valdiviezo. Un abrazo solidario a su familia y el compromiso de que el crimen no quede en la impunidad\u009d. En tanto, la gobernadora Viviana Bonilla, a trav\u00e9s de su cuenta, @viviana_bonilla, public\u00f3: Nuestro pesar con la familia de #FaustoValdivieso, no permitiremos que este crimen quede en la impunidad. Polic\u00eda inici\u00f3 investigaciones\u009d. De una manera similar, la ministra de Defensa, Mar\u00eda Fernanda Espinosa, present\u00f3 sus condolencias para la familia del periodista e indic\u00f3 que la Polic\u00eda est\u00e1 agotando esfuerzos para que se haga justicia\u009d. De su lado, el coordinador de la Unidad de Flagrancia, William Aguilar, dijo que se hab\u00eda iniciado la indagaci\u00f3n. Una de las primeras diligencias fue el allanamiento en la casa del comunicador, en Los Samanes. Las autoridades han pedido colaboraci\u00f3n por parte de familiares y amigos y han reiterado que en cuanto sea posible informar\u00e1n el curso de las investigaciones. Por su parte, la familia del desaparecido periodista particip\u00f3 del sepelio la tarde de ayer, en medio de la consternaci\u00f3n general de familiares, amigos, colegas periodistas e incluso ciudadan\u00eda que lo conoci\u00f3 a trav\u00e9s de la pantalla de televisi\u00f3n presentador y reportero.<\/p>\n","protected":false},"author":1,"featured_media":217830,"comment_status":"open","ping_status":"open","sticky":false,"template":"","format":"standard","meta":[],"categories":[35,37],"tags":[],"_links":{"self":[{"href":"https:\/\/www.ecuadortimes.net\/es\/wp-json\/wp\/v2\/posts\/217829"}],"collection":[{"href":"https:\/\/www.ecuadortimes.net\/es\/wp-json\/wp\/v2\/posts"}],"about":[{"href":"https:\/\/www.ecuadortimes.net\/es\/wp-json\/wp\/v2\/types\/post"}],"author":[{"embeddable":true,"href":"https:\/\/www.ecuadortimes.net\/es\/wp-json\/wp\/v2\/users\/1"}],"replies":[{"embeddable":true,"href":"https:\/\/www.ecuadortimes.net\/es\/wp-json\/wp\/v2\/comments?post=217829"}],"version-history":[{"count":0,"href":"https:\/\/www.ecuadortimes.net\/es\/wp-json\/wp\/v2\/posts\/217829\/revisions"}],"wp:featuredmedia":[{"embeddable":true,"href":"https:\/\/www.ecuadortimes.net\/es\/wp-json\/wp\/v2\/media\/217830"}],"wp:attachment":[{"href":"https:\/\/www.ecuadortimes.net\/es\/wp-json\/wp\/v2\/media?parent=217829"}],"wp:term":[{"taxonomy":"category","embeddable":true,"href":"https:\/\/www.ecuadortimes.net\/es\/wp-json\/wp\/v2\/categories?post=217829"},{"taxonomy":"post_tag","embeddable":true,"href":"https:\/\/www.ecuadortimes.net\/es\/wp-json\/wp\/v2\/tags?post=217829"}],"curies":[{"name":"wp","href":"https:\/\/api.w.org\/{rel}","templated":true}]}}