{"id":217837,"date":"2013-04-14T00:00:00","date_gmt":"2013-04-14T00:00:00","guid":{"rendered":"https:\/\/www.ecuadortimes.net\/es\/presidente-correa-advierte-a-las-farc\/"},"modified":"2013-04-14T00:00:00","modified_gmt":"2013-04-14T00:00:00","slug":"presidente-correa-advierte-a-las-farc","status":"publish","type":"post","link":"https:\/\/www.ecuadortimes.net\/es\/presidente-correa-advierte-a-las-farc\/","title":{"rendered":"Presidente Correa advierte a las FARC"},"content":{"rendered":"<div id=\"attachment_110980\" style=\"width: 310px\" class=\"wp-caption alignleft\"><img aria-describedby=\"caption-attachment-110980\" loading=\"lazy\" class=\"size-medium wp-image-110980\" title=\"Presidente Rafael Correa advierte a las FARC\" src=\"http:\/\/media.ecuadortimes.net\/2013\/04\/Correa-warns-FARC3-300x225.jpg\" alt=\"Presidente Rafael Correa advierte a las FARC\" width=\"300\" height=\"225\" \/><p id=\"caption-attachment-110980\" class=\"wp-caption-text\">Presidente Rafael Correa advierte a las FARC<\/p><\/div>\n<p>El presidente de la Rep\u00fablica, <strong>Rafael Correa<\/strong>, advirti\u00f3 ayer a los grupos irregulares de <strong>Colombia<\/strong>, luego del ataque ocurrido esta semana en la provincia de <strong>Sucumb\u00edos<\/strong>, en la zona fronteriza con Colombia, en el cual un helic\u00f3ptero de las Fuerzas Armadas result\u00f3 baleado.<\/p>\n<p><strong><em>Se\u00f1ores de los grupos irregulares de Colombia: FARC, paramilitares, como se llamen, con Ecuador no se juega<\/em><\/strong>\u009d, dijo durante el Enlace Ciudadano 317, realizado en la plaza Eloy Alfaro de Riobamba.<\/p>\n<p>Adicionalmente instruy\u00f3 a los militares para que respondan de manera contundente posibles nuevos ataques. <strong><em>La pr\u00f3xima vez que sean atacados por grupos irregulares, a responder con todo el poder de fuego posible, se\u00f1ores<\/em><\/strong>\u009d, afirm\u00f3. Y explic\u00f3 que ahora el Ecuador ya cuenta con armamento y naves para responder.<\/p>\n","protected":false},"excerpt":{"rendered":"<p>El presidente de la Rep\u00fablica, Rafael Correa, advirti\u00f3 ayer a los grupos irregulares de Colombia, luego del ataque ocurrido esta semana en la provincia de Sucumb\u00edos, en la zona fronteriza con Colombia, en el cual un helic\u00f3ptero de las Fuerzas Armadas result\u00f3 baleado. Se\u00f1ores de los grupos irregulares de Colombia: FARC, paramilitares, como se llamen, con Ecuador no se juega\u009d, dijo durante el Enlace Ciudadano 317, realizado en la plaza Eloy Alfaro de Riobamba. Adicionalmente instruy\u00f3 a los militares para que respondan de manera contundente posibles nuevos ataques. La pr\u00f3xima vez que sean atacados por grupos irregulares, a responder con todo el poder de fuego posible, se\u00f1ores\u009d, afirm\u00f3. Y explic\u00f3 que ahora el Ecuador ya cuenta con armamento y naves para responder.<\/p>\n","protected":false},"author":1,"featured_media":217838,"comment_status":"open","ping_status":"open","sticky":false,"template":"","format":"standard","meta":[],"categories":[40,37],"tags":[],"_links":{"self":[{"href":"https:\/\/www.ecuadortimes.net\/es\/wp-json\/wp\/v2\/posts\/217837"}],"collection":[{"href":"https:\/\/www.ecuadortimes.net\/es\/wp-json\/wp\/v2\/posts"}],"about":[{"href":"https:\/\/www.ecuadortimes.net\/es\/wp-json\/wp\/v2\/types\/post"}],"author":[{"embeddable":true,"href":"https:\/\/www.ecuadortimes.net\/es\/wp-json\/wp\/v2\/users\/1"}],"replies":[{"embeddable":true,"href":"https:\/\/www.ecuadortimes.net\/es\/wp-json\/wp\/v2\/comments?post=217837"}],"version-history":[{"count":0,"href":"https:\/\/www.ecuadortimes.net\/es\/wp-json\/wp\/v2\/posts\/217837\/revisions"}],"wp:featuredmedia":[{"embeddable":true,"href":"https:\/\/www.ecuadortimes.net\/es\/wp-json\/wp\/v2\/media\/217838"}],"wp:attachment":[{"href":"https:\/\/www.ecuadortimes.net\/es\/wp-json\/wp\/v2\/media?parent=217837"}],"wp:term":[{"taxonomy":"category","embeddable":true,"href":"https:\/\/www.ecuadortimes.net\/es\/wp-json\/wp\/v2\/categories?post=217837"},{"taxonomy":"post_tag","embeddable":true,"href":"https:\/\/www.ecuadortimes.net\/es\/wp-json\/wp\/v2\/tags?post=217837"}],"curies":[{"name":"wp","href":"https:\/\/api.w.org\/{rel}","templated":true}]}}