{"id":217861,"date":"2013-04-15T00:00:00","date_gmt":"2013-04-15T00:00:00","guid":{"rendered":"https:\/\/www.ecuadortimes.net\/es\/caso-glas-viejo-tendra-una-veeduria\/"},"modified":"2013-04-15T00:00:00","modified_gmt":"2013-04-15T00:00:00","slug":"caso-glas-viejo-tendra-una-veeduria","status":"publish","type":"post","link":"https:\/\/www.ecuadortimes.net\/es\/caso-glas-viejo-tendra-una-veeduria\/","title":{"rendered":"Caso Glas Viej\u00f3 tendr\u00e1 una veedur\u00eda"},"content":{"rendered":"<div id=\"attachment_111073\" style=\"width: 310px\" class=\"wp-caption alignleft\"><img aria-describedby=\"caption-attachment-111073\" loading=\"lazy\" class=\"size-medium wp-image-111073\" title=\"Mar\u00eda Leonor Jim\u00e9nez\" src=\"http:\/\/media.ecuadortimes.net\/2013\/04\/Maria-Leonor-Jimenez1-300x199.jpeg\" alt=\"Mar\u00eda Leonor Jim\u00e9nez\" width=\"300\" height=\"199\" \/><p id=\"caption-attachment-111073\" class=\"wp-caption-text\">Mar\u00eda Leonor Jim\u00e9nez<\/p><\/div>\n<p>La organizaci\u00f3n de un plant\u00f3n hoy, desde las 11:00, media hora antes de la audiencia de apelaci\u00f3n del llamamiento a juicio presentada por la defensa de <strong>Jorge Heriberto Glas Viej\u00f3<\/strong>, incluir\u00e1 la conformaci\u00f3n de una veedur\u00eda.<\/p>\n<p>En este grupo estar\u00e1n <strong>Mar\u00eda Leonor Jim\u00e9nez<\/strong>, expresidenta de la Corte del Guayas, <strong>Anunziata Valdez<\/strong>, directora regional de la Corporaci\u00f3n Participaci\u00f3n Ciudadana; y un representante de los derechos humanos. Mar\u00eda Leonor Jim\u00e9nez, tiene la intenci\u00f3n de ser el nexo entre la justicia y el p\u00fablico, y que los jueces hagan su trabajo. <strong><em>Entiendo que por mi experiencia judicial y porque me asignan un grado de honestidad me han invitado a participar. Con la veedur\u00eda estaremos atentos al proceso y seremos el nexo entre la justicia y la ciudadan\u00eda; adem\u00e1s, que los jueces del caso se sientan respaldados porque todo lo que hace a la vista del p\u00fablico tiene el testimonio de ese p\u00fablico, m\u00e1s si es experto, como es una veedur\u00eda<\/em><\/strong>\u009d, indic\u00f3 Jim\u00e9nez.<\/p>\n<p>Hasta el momento el proceso judicial Glas Viej\u00f3 est\u00e1 suspendido hasta que el acusado sea detenido.<\/p>\n<p>El plant\u00f3n, contar\u00e1 con la participaci\u00f3n de entidades como el Comit\u00e9 Permanente por la Defensa de los Derechos Humanos y el Centro Ecuatoriano para la Promoci\u00f3n y Acci\u00f3n de la Mujer (Cepam). La cita ser\u00e1 en el <strong>Alb\u00e1n Borja<\/strong>, afuera del edificio de Makro, donde funciona la Corte, ah\u00ed a las 11h30 la Segunda Sala realizar\u00e1 la audiencia de apelaci\u00f3n.<\/p>\n","protected":false},"excerpt":{"rendered":"<p>La organizaci\u00f3n de un plant\u00f3n hoy, desde las 11:00, media hora antes de la audiencia de apelaci\u00f3n del llamamiento a juicio presentada por la defensa de Jorge Heriberto Glas Viej\u00f3, incluir\u00e1 la conformaci\u00f3n de una veedur\u00eda. En este grupo estar\u00e1n Mar\u00eda Leonor Jim\u00e9nez, expresidenta de la Corte del Guayas, Anunziata Valdez, directora regional de la Corporaci\u00f3n Participaci\u00f3n Ciudadana; y un representante de los derechos humanos. Mar\u00eda Leonor Jim\u00e9nez, tiene la intenci\u00f3n de ser el nexo entre la justicia y el p\u00fablico, y que los jueces hagan su trabajo. Entiendo que por mi experiencia judicial y porque me asignan un grado de honestidad me han invitado a participar. Con la veedur\u00eda estaremos atentos al proceso y seremos el nexo entre la justicia y la ciudadan\u00eda; adem\u00e1s, que los jueces del caso se sientan respaldados porque todo lo que hace a la vista del p\u00fablico tiene el testimonio de ese p\u00fablico, m\u00e1s si es experto, como es una veedur\u00eda\u009d, indic\u00f3 Jim\u00e9nez. Hasta el momento el proceso judicial Glas Viej\u00f3 est\u00e1 suspendido hasta que el acusado sea detenido. El plant\u00f3n, contar\u00e1 con la participaci\u00f3n de entidades como el Comit\u00e9 Permanente por la Defensa de los Derechos Humanos y el Centro Ecuatoriano para la Promoci\u00f3n y Acci\u00f3n de la Mujer (Cepam). La cita ser\u00e1 en el Alb\u00e1n Borja, afuera del edificio de Makro, donde funciona la Corte, ah\u00ed a las 11h30 la Segunda Sala realizar\u00e1 la audiencia de apelaci\u00f3n.<\/p>\n","protected":false},"author":1,"featured_media":217862,"comment_status":"open","ping_status":"open","sticky":false,"template":"","format":"standard","meta":[],"categories":[40,37],"tags":[],"_links":{"self":[{"href":"https:\/\/www.ecuadortimes.net\/es\/wp-json\/wp\/v2\/posts\/217861"}],"collection":[{"href":"https:\/\/www.ecuadortimes.net\/es\/wp-json\/wp\/v2\/posts"}],"about":[{"href":"https:\/\/www.ecuadortimes.net\/es\/wp-json\/wp\/v2\/types\/post"}],"author":[{"embeddable":true,"href":"https:\/\/www.ecuadortimes.net\/es\/wp-json\/wp\/v2\/users\/1"}],"replies":[{"embeddable":true,"href":"https:\/\/www.ecuadortimes.net\/es\/wp-json\/wp\/v2\/comments?post=217861"}],"version-history":[{"count":0,"href":"https:\/\/www.ecuadortimes.net\/es\/wp-json\/wp\/v2\/posts\/217861\/revisions"}],"wp:featuredmedia":[{"embeddable":true,"href":"https:\/\/www.ecuadortimes.net\/es\/wp-json\/wp\/v2\/media\/217862"}],"wp:attachment":[{"href":"https:\/\/www.ecuadortimes.net\/es\/wp-json\/wp\/v2\/media?parent=217861"}],"wp:term":[{"taxonomy":"category","embeddable":true,"href":"https:\/\/www.ecuadortimes.net\/es\/wp-json\/wp\/v2\/categories?post=217861"},{"taxonomy":"post_tag","embeddable":true,"href":"https:\/\/www.ecuadortimes.net\/es\/wp-json\/wp\/v2\/tags?post=217861"}],"curies":[{"name":"wp","href":"https:\/\/api.w.org\/{rel}","templated":true}]}}