{"id":217875,"date":"2013-04-15T00:00:00","date_gmt":"2013-04-15T00:00:00","guid":{"rendered":"https:\/\/www.ecuadortimes.net\/es\/atentado-en-maraton-de-boston-deja-tres-muertos-y-28-heridos\/"},"modified":"2013-04-15T00:00:00","modified_gmt":"2013-04-15T00:00:00","slug":"atentado-en-maraton-de-boston-deja-tres-muertos-y-28-heridos","status":"publish","type":"post","link":"https:\/\/www.ecuadortimes.net\/es\/atentado-en-maraton-de-boston-deja-tres-muertos-y-28-heridos\/","title":{"rendered":"Atentado en Marat\u00f3n de Boston deja tres muertos y 28 heridos"},"content":{"rendered":"<p>En la <strong>117\u00ba<\/strong> edici\u00f3n de la prueba de marat\u00f3n m\u00e1s antigua del mundo, la <strong>Marat\u00f3n<\/strong> de <strong>Boston,<\/strong> se suscit\u00f3 un aparente atentado con bombas, en la zona de la llegada a la meta, que dej\u00f3 <strong>tres personas muertas<\/strong> y otras <strong>28 heridas.<\/strong><\/p>\n<div id=\"attachment_111154\" style=\"width: 510px\" class=\"wp-caption aligncenter\"><img aria-describedby=\"caption-attachment-111154\" loading=\"lazy\" class=\"size-full wp-image-111154\" title=\"Ataque de bomba en la Marat\u00f3n de Boston.\" src=\"http:\/\/media.ecuadortimes.net\/2013\/04\/boston_atentado_muertos_l1.jpg\" alt=\"Ataque de bomba en la Marat\u00f3n de Boston.\" width=\"500\" height=\"331\" \/><p id=\"caption-attachment-111154\" class=\"wp-caption-text\">Ataque de bomba en la Marat\u00f3n de Boston.<\/p><\/div>\n<p>&nbsp;<\/p>\n<p>Las explosiones ocurrieron alrededor de las <strong>14:45<\/strong> cerca de la intersecci\u00f3n de las <strong>calles Boylston<\/strong> y <strong>Exeter.<\/strong> Algunos testigos han confirmado que varios heridos han <strong>perdido extremidades<\/strong> con motivo de la explosi\u00f3n. La polic\u00eda ha desalojado la zona y busca posibles nuevos artefactos en la zona.<\/p>\n<p>El presidente estadounidense, <strong>Barack Obama,<\/strong> ha ordenado el apoyo federal a la investigaci\u00f3n de las explosiones en <strong>Boston.<\/strong> Tambi\u00e9n se ha cerrado el <strong>espacio a\u00e9reo<\/strong> de Boston.<\/p>\n<p>Se sabe que ocho ecuatorianos participaban en la competencia:\u00a0 <strong>M. Coro, I. Gallegos, Gonzalo Garcia, L. Giler, Carlota Lozada, J. Mejia, Franklin Tenorio y G. Vivanco.<\/strong> La embajadora ecuatoriana en EE.UU., <strong>Nathalie Cely,<\/strong> confirm\u00f3 que los atletas est\u00e1n fuera de peligro.<\/p>\n","protected":false},"excerpt":{"rendered":"<p>En la 117\u00ba edici\u00f3n de la prueba de marat\u00f3n m\u00e1s antigua del mundo, la Marat\u00f3n de Boston, se suscit\u00f3 un aparente atentado con bombas, en la zona de la llegada a la meta, que dej\u00f3 tres personas muertas y otras 28 heridas. &nbsp; Las explosiones ocurrieron alrededor de las 14:45 cerca de la intersecci\u00f3n de las calles Boylston y Exeter. Algunos testigos han confirmado que varios heridos han perdido extremidades con motivo de la explosi\u00f3n. La polic\u00eda ha desalojado la zona y busca posibles nuevos artefactos en la zona. El presidente estadounidense, Barack Obama, ha ordenado el apoyo federal a la investigaci\u00f3n de las explosiones en Boston. Tambi\u00e9n se ha cerrado el espacio a\u00e9reo de Boston. Se sabe que ocho ecuatorianos participaban en la competencia:\u00a0 M. Coro, I. Gallegos, Gonzalo Garcia, L. Giler, Carlota Lozada, J. Mejia, Franklin Tenorio y G. Vivanco. La embajadora ecuatoriana en EE.UU., Nathalie Cely, confirm\u00f3 que los atletas est\u00e1n fuera de peligro.<\/p>\n","protected":false},"author":1,"featured_media":217876,"comment_status":"open","ping_status":"open","sticky":false,"template":"","format":"standard","meta":[],"categories":[36,37],"tags":[],"_links":{"self":[{"href":"https:\/\/www.ecuadortimes.net\/es\/wp-json\/wp\/v2\/posts\/217875"}],"collection":[{"href":"https:\/\/www.ecuadortimes.net\/es\/wp-json\/wp\/v2\/posts"}],"about":[{"href":"https:\/\/www.ecuadortimes.net\/es\/wp-json\/wp\/v2\/types\/post"}],"author":[{"embeddable":true,"href":"https:\/\/www.ecuadortimes.net\/es\/wp-json\/wp\/v2\/users\/1"}],"replies":[{"embeddable":true,"href":"https:\/\/www.ecuadortimes.net\/es\/wp-json\/wp\/v2\/comments?post=217875"}],"version-history":[{"count":0,"href":"https:\/\/www.ecuadortimes.net\/es\/wp-json\/wp\/v2\/posts\/217875\/revisions"}],"wp:featuredmedia":[{"embeddable":true,"href":"https:\/\/www.ecuadortimes.net\/es\/wp-json\/wp\/v2\/media\/217876"}],"wp:attachment":[{"href":"https:\/\/www.ecuadortimes.net\/es\/wp-json\/wp\/v2\/media?parent=217875"}],"wp:term":[{"taxonomy":"category","embeddable":true,"href":"https:\/\/www.ecuadortimes.net\/es\/wp-json\/wp\/v2\/categories?post=217875"},{"taxonomy":"post_tag","embeddable":true,"href":"https:\/\/www.ecuadortimes.net\/es\/wp-json\/wp\/v2\/tags?post=217875"}],"curies":[{"name":"wp","href":"https:\/\/api.w.org\/{rel}","templated":true}]}}