{"id":217879,"date":"2013-04-15T00:00:00","date_gmt":"2013-04-15T00:00:00","guid":{"rendered":"https:\/\/www.ecuadortimes.net\/es\/ecuador-lanzara-su-primer-satelite\/"},"modified":"2013-04-15T00:00:00","modified_gmt":"2013-04-15T00:00:00","slug":"ecuador-lanzara-su-primer-satelite","status":"publish","type":"post","link":"https:\/\/www.ecuadortimes.net\/es\/ecuador-lanzara-su-primer-satelite\/","title":{"rendered":"Ecuador lanzar\u00e1 su primer sat\u00e9lite"},"content":{"rendered":"<p>El presidente <strong>Rafael Correa<\/strong> inform\u00f3 hoy que <strong>Ecuador,<\/strong> a finales de este mes, lanzar\u00e1 al espacio su <strong>primer sat\u00e9lite<\/strong> fabricado en el pa\u00eds y lo har\u00e1 desde <strong>China.<\/strong><\/p>\n<p>&#8220;<em>A final de mes se lanza el primer sat\u00e9lite ecuatoriano y no un sat\u00e9lite comprado a un pa\u00eds extranjero, un sat\u00e9lite hecho en Ecuador<\/em>&#8220;, dijo Correa, se\u00f1alando la iniciativa de la <strong>Agencia Espacial Civil Ecuatoriana<\/strong> (EXA), dirigida por el cosmonauta <strong>Ronnie Nader.<\/strong><\/p>\n<p>El peque\u00f1o aparato &#8220;<em>Pegaso<\/em>&#8220;, un cubo de <strong>10 por 10 cent\u00edmetros,<\/strong> con <strong>paneles de 75 cent\u00edmetros<\/strong> y un <strong>peso de 1,2 kilogramos,<\/strong> se lanzar\u00e1 el pr\u00f3ximo <strong>26 de abril<\/strong> a las <strong>00:13<\/strong> hora local de Ecuador, desde China, indic\u00f3 Nader.<\/p>\n<p>El peque\u00f1o sat\u00e9lite llevar\u00e1 una <strong>c\u00e1mara de v\u00eddeo,<\/strong> la cual enviar\u00e1 <strong>im\u00e1genes en vivo<\/strong> a una estaci\u00f3n en tierra en Ecuador para <strong>emitirlas directamente por Internet.<\/strong><\/p>\n<div id=\"attachment_111170\" style=\"width: 510px\" class=\"wp-caption aligncenter\"><img aria-describedby=\"caption-attachment-111170\" loading=\"lazy\" class=\"size-full wp-image-111170\" title=\"Sat\u00e9lite Ecuatoriano &quot;Pegasus&quot;\" src=\"http:\/\/media.ecuadortimes.net\/2013\/04\/pegaso_satelite_ecuador_china_l1.jpg\" alt=\"Sat\u00e9lite Ecuatoriano &quot;Pegasus&quot;\" width=\"500\" height=\"370\" \/><p id=\"caption-attachment-111170\" class=\"wp-caption-text\">Sat\u00e9lite Ecuatoriano &#8220;Pegasus&#8221;<\/p><\/div>\n","protected":false},"excerpt":{"rendered":"<p>El presidente Rafael Correa inform\u00f3 hoy que Ecuador, a finales de este mes, lanzar\u00e1 al espacio su primer sat\u00e9lite fabricado en el pa\u00eds y lo har\u00e1 desde China. &#8220;A final de mes se lanza el primer sat\u00e9lite ecuatoriano y no un sat\u00e9lite comprado a un pa\u00eds extranjero, un sat\u00e9lite hecho en Ecuador&#8220;, dijo Correa, se\u00f1alando la iniciativa de la Agencia Espacial Civil Ecuatoriana (EXA), dirigida por el cosmonauta Ronnie Nader. El peque\u00f1o aparato &#8220;Pegaso&#8220;, un cubo de 10 por 10 cent\u00edmetros, con paneles de 75 cent\u00edmetros y un peso de 1,2 kilogramos, se lanzar\u00e1 el pr\u00f3ximo 26 de abril a las 00:13 hora local de Ecuador, desde China, indic\u00f3 Nader. El peque\u00f1o sat\u00e9lite llevar\u00e1 una c\u00e1mara de v\u00eddeo, la cual enviar\u00e1 im\u00e1genes en vivo a una estaci\u00f3n en tierra en Ecuador para emitirlas directamente por Internet.<\/p>\n","protected":false},"author":1,"featured_media":217880,"comment_status":"open","ping_status":"open","sticky":false,"template":"","format":"standard","meta":[],"categories":[41,37],"tags":[],"_links":{"self":[{"href":"https:\/\/www.ecuadortimes.net\/es\/wp-json\/wp\/v2\/posts\/217879"}],"collection":[{"href":"https:\/\/www.ecuadortimes.net\/es\/wp-json\/wp\/v2\/posts"}],"about":[{"href":"https:\/\/www.ecuadortimes.net\/es\/wp-json\/wp\/v2\/types\/post"}],"author":[{"embeddable":true,"href":"https:\/\/www.ecuadortimes.net\/es\/wp-json\/wp\/v2\/users\/1"}],"replies":[{"embeddable":true,"href":"https:\/\/www.ecuadortimes.net\/es\/wp-json\/wp\/v2\/comments?post=217879"}],"version-history":[{"count":0,"href":"https:\/\/www.ecuadortimes.net\/es\/wp-json\/wp\/v2\/posts\/217879\/revisions"}],"wp:featuredmedia":[{"embeddable":true,"href":"https:\/\/www.ecuadortimes.net\/es\/wp-json\/wp\/v2\/media\/217880"}],"wp:attachment":[{"href":"https:\/\/www.ecuadortimes.net\/es\/wp-json\/wp\/v2\/media?parent=217879"}],"wp:term":[{"taxonomy":"category","embeddable":true,"href":"https:\/\/www.ecuadortimes.net\/es\/wp-json\/wp\/v2\/categories?post=217879"},{"taxonomy":"post_tag","embeddable":true,"href":"https:\/\/www.ecuadortimes.net\/es\/wp-json\/wp\/v2\/tags?post=217879"}],"curies":[{"name":"wp","href":"https:\/\/api.w.org\/{rel}","templated":true}]}}