{"id":217883,"date":"2013-04-16T00:00:00","date_gmt":"2013-04-16T00:00:00","guid":{"rendered":"https:\/\/www.ecuadortimes.net\/es\/en-marzo-aumento-la-pobreza-urbana-en-ecuador\/"},"modified":"2013-04-16T00:00:00","modified_gmt":"2013-04-16T00:00:00","slug":"en-marzo-aumento-la-pobreza-urbana-en-ecuador","status":"publish","type":"post","link":"https:\/\/www.ecuadortimes.net\/es\/en-marzo-aumento-la-pobreza-urbana-en-ecuador\/","title":{"rendered":"En marzo aument\u00f3 la pobreza urbana en Ecuador"},"content":{"rendered":"<p><a href=\"http:\/\/www.ecuadortimes.net\/es\/2013\/04\/16\/en-marzo-aumento-la-pobreza-urbana-en-ecuador\/pobreza\/\" rel=\"attachment wp-att-111189\"><img loading=\"lazy\" class=\"alignleft size-full wp-image-111189\" title=\"pobreza\" src=\"http:\/\/media.ecuadortimes.net\/2013\/04\/pobreza.jpg\" alt=\"\" width=\"340\" height=\"256\" \/><\/a>El Instituto Nacional de Estad\u00edstica y Censos (INEC) anunci\u00f3 ayer que en Ecuador la pobreza urbana se increment\u00f3 casi dos puntos en marzo del a\u00f1o en curso, en relaci\u00f3n con el mismo mes del 2012, al pasar de 16,03% a 17,74%.<\/p>\n<p>El estudio se realiz\u00f3 en cinco ciudades, y solo Cuenca no registr\u00f3 aumento de pobreza, mientras que en Guayaquil hubo un aumento de 11,04% a 12,77%; Quito subi\u00f3 de 8,97% a 10,85%; Machala, de 9,51% a 11,98%, y Ambato, de 8,04% a 10,54%.<\/p>\n<p>Durante su \u00faltimo enlace ciudadano el presidente de Ecuador, Rafael Correa, destac\u00f3 que seg\u00fan la Comisi\u00f3n Econ\u00f3mica para Am\u00e9rica Latina y el Caribe (Cepal), Ecuador ha reducido la pobreza en 10,3 puntos porcentuales en los \u00faltimos a\u00f1os, y en cuanto a la distribuci\u00f3n de la riqueza, indic\u00f3 que disminuy\u00f3 siete puntos en el coeficiente de Gini, que mide la desigualdad de los ingresos.<\/p>\n","protected":false},"excerpt":{"rendered":"<p>El Instituto Nacional de Estad\u00edstica y Censos (INEC) anunci\u00f3 ayer que en Ecuador la pobreza urbana se increment\u00f3 casi dos puntos en marzo del a\u00f1o en curso, en relaci\u00f3n con el mismo mes del 2012, al pasar de 16,03% a 17,74%. El estudio se realiz\u00f3 en cinco ciudades, y solo Cuenca no registr\u00f3 aumento de pobreza, mientras que en Guayaquil hubo un aumento de 11,04% a 12,77%; Quito subi\u00f3 de 8,97% a 10,85%; Machala, de 9,51% a 11,98%, y Ambato, de 8,04% a 10,54%. Durante su \u00faltimo enlace ciudadano el presidente de Ecuador, Rafael Correa, destac\u00f3 que seg\u00fan la Comisi\u00f3n Econ\u00f3mica para Am\u00e9rica Latina y el Caribe (Cepal), Ecuador ha reducido la pobreza en 10,3 puntos porcentuales en los \u00faltimos a\u00f1os, y en cuanto a la distribuci\u00f3n de la riqueza, indic\u00f3 que disminuy\u00f3 siete puntos en el coeficiente de Gini, que mide la desigualdad de los ingresos.<\/p>\n","protected":false},"author":1,"featured_media":217884,"comment_status":"open","ping_status":"open","sticky":false,"template":"","format":"standard","meta":[],"categories":[32,41],"tags":[],"_links":{"self":[{"href":"https:\/\/www.ecuadortimes.net\/es\/wp-json\/wp\/v2\/posts\/217883"}],"collection":[{"href":"https:\/\/www.ecuadortimes.net\/es\/wp-json\/wp\/v2\/posts"}],"about":[{"href":"https:\/\/www.ecuadortimes.net\/es\/wp-json\/wp\/v2\/types\/post"}],"author":[{"embeddable":true,"href":"https:\/\/www.ecuadortimes.net\/es\/wp-json\/wp\/v2\/users\/1"}],"replies":[{"embeddable":true,"href":"https:\/\/www.ecuadortimes.net\/es\/wp-json\/wp\/v2\/comments?post=217883"}],"version-history":[{"count":0,"href":"https:\/\/www.ecuadortimes.net\/es\/wp-json\/wp\/v2\/posts\/217883\/revisions"}],"wp:featuredmedia":[{"embeddable":true,"href":"https:\/\/www.ecuadortimes.net\/es\/wp-json\/wp\/v2\/media\/217884"}],"wp:attachment":[{"href":"https:\/\/www.ecuadortimes.net\/es\/wp-json\/wp\/v2\/media?parent=217883"}],"wp:term":[{"taxonomy":"category","embeddable":true,"href":"https:\/\/www.ecuadortimes.net\/es\/wp-json\/wp\/v2\/categories?post=217883"},{"taxonomy":"post_tag","embeddable":true,"href":"https:\/\/www.ecuadortimes.net\/es\/wp-json\/wp\/v2\/tags?post=217883"}],"curies":[{"name":"wp","href":"https:\/\/api.w.org\/{rel}","templated":true}]}}