{"id":217885,"date":"2013-04-16T00:00:00","date_gmt":"2013-04-16T00:00:00","guid":{"rendered":"https:\/\/www.ecuadortimes.net\/es\/planton-promulga-constancia-para-el-caso-glas-viejo\/"},"modified":"2013-04-16T00:00:00","modified_gmt":"2013-04-16T00:00:00","slug":"planton-promulga-constancia-para-el-caso-glas-viejo","status":"publish","type":"post","link":"https:\/\/www.ecuadortimes.net\/es\/planton-promulga-constancia-para-el-caso-glas-viejo\/","title":{"rendered":"Plant\u00f3n promulga constancia para el caso Glas Viej\u00f3"},"content":{"rendered":"<div id=\"attachment_111198\" style=\"width: 310px\" class=\"wp-caption alignleft\"><img aria-describedby=\"caption-attachment-111198\" loading=\"lazy\" class=\"size-medium wp-image-111198\" title=\"Gloria Arcos asiste a plant\u00f3n\" src=\"http:\/\/media.ecuadortimes.net\/2013\/04\/Gloria-Arcos-attends-rally2-300x225.jpg\" alt=\"Gloria Arcos asiste a plant\u00f3n\" width=\"300\" height=\"225\" \/><p id=\"caption-attachment-111198\" class=\"wp-caption-text\">Gloria Arcos asiste a plant\u00f3n<\/p><\/div>\n<p>La canci\u00f3n de Fe dedicada a la madre que acusa a\u00a0<strong>Jorge Heriberto Glas Viej\u00f3<\/strong>\u00a0fue expresada ayer por la cantautora quite\u00f1a\u00a0<strong>Gloria Arcos<\/strong>, quien acompa\u00f1ada por su guitarra, en\u00a0<strong>Guayaquil<\/strong>, lo hizo en un plant\u00f3n afuera del\u00a0<strong>Alb\u00e1n Borja<\/strong>, en el edificio que funciona la Corte.<\/p>\n<p><strong><em>Tengo una esperanza primitiva \/ que me est\u00e1 calando el alma \/ que me est\u00e1 calando el alma \/ y al decir que es poca mentir\u00eda \/ esta rabia contenida \/ que me sube por el vientre a la garganta \/ que chilla, se crispa, que quiere salir \/ morder y maldecir \/ gritar hasta cansarse&#8230;<\/em><\/strong>\u009d.<\/p>\n<p><strong><em>Hemos venido para que la gente despierte y que haya justicia<\/em><\/strong>\u009d expres\u00f3 la cantante. Sus comentarios surgen a ra\u00edz de la audiencia de apelaci\u00f3n al juicio por violaci\u00f3n presentada por la defensa de Glas Viej\u00f3, la que al final fue suspendida por\u00a0<strong>H\u00e9ctor D\u00e1valos Peredo<\/strong>, abogado del acusado.<\/p>\n<p>La madre de la joven abusada fue conmovida por la letra de la canci\u00f3n y dejo correr l\u00e1grimas de agradecimiento por el gesto y por impotencia. Sin embargo dijo que por primera vez en los casi 19 meses de lucha sinti\u00f3 el respaldo de mujeres de distintos \u00e1mbitos que exigen justicia por su hija mayor que es madre de un ni\u00f1o que ya tiene 14 meses.<\/p>\n<p>Entre algunas mujeres de renombre asistieron\u00a0<strong>Nelsa Curvelo<\/strong>,\u00a0<strong>Anunziata<\/strong>\u00a0<strong>Valdez<\/strong>,\u00a0<strong>Marina<\/strong>\u00a0<strong>Salvarezza<\/strong>,\u00a0<strong>Martha<\/strong>\u00a0<strong>Rold\u00f3s<\/strong>,\u00a0<strong>Mar\u00eda<\/strong>\u00a0<strong>Leonor<\/strong>\u00a0<strong>Jim\u00e9nez<\/strong>, esta \u00faltima quien integrar\u00e1 la veedur\u00eda que sigue el caso dijo: <strong><em>Es inaudito que le hayan concedido (a Glas Viej\u00f3) un recurso de apelaci\u00f3n; los jueces se lo niegan a todos los acusados y es extra\u00f1o que se lo hayan dado<\/em><\/strong>\u009d.<\/p>\n","protected":false},"excerpt":{"rendered":"<p>La canci\u00f3n de Fe dedicada a la madre que acusa a\u00a0Jorge Heriberto Glas Viej\u00f3\u00a0fue expresada ayer por la cantautora quite\u00f1a\u00a0Gloria Arcos, quien acompa\u00f1ada por su guitarra, en\u00a0Guayaquil, lo hizo en un plant\u00f3n afuera del\u00a0Alb\u00e1n Borja, en el edificio que funciona la Corte. Tengo una esperanza primitiva \/ que me est\u00e1 calando el alma \/ que me est\u00e1 calando el alma \/ y al decir que es poca mentir\u00eda \/ esta rabia contenida \/ que me sube por el vientre a la garganta \/ que chilla, se crispa, que quiere salir \/ morder y maldecir \/ gritar hasta cansarse&#8230;\u009d. Hemos venido para que la gente despierte y que haya justicia\u009d expres\u00f3 la cantante. Sus comentarios surgen a ra\u00edz de la audiencia de apelaci\u00f3n al juicio por violaci\u00f3n presentada por la defensa de Glas Viej\u00f3, la que al final fue suspendida por\u00a0H\u00e9ctor D\u00e1valos Peredo, abogado del acusado. La madre de la joven abusada fue conmovida por la letra de la canci\u00f3n y dejo correr l\u00e1grimas de agradecimiento por el gesto y por impotencia. Sin embargo dijo que por primera vez en los casi 19 meses de lucha sinti\u00f3 el respaldo de mujeres de distintos \u00e1mbitos que exigen justicia por su hija mayor que es madre de un ni\u00f1o que ya tiene 14 meses. Entre algunas mujeres de renombre asistieron\u00a0Nelsa Curvelo,\u00a0Anunziata\u00a0Valdez,\u00a0Marina\u00a0Salvarezza,\u00a0Martha\u00a0Rold\u00f3s,\u00a0Mar\u00eda\u00a0Leonor\u00a0Jim\u00e9nez, esta \u00faltima quien integrar\u00e1 la veedur\u00eda que sigue el caso dijo: Es inaudito que le hayan concedido (a Glas Viej\u00f3) un recurso de apelaci\u00f3n; los jueces se lo niegan a todos los acusados y es extra\u00f1o que se lo hayan dado\u009d.<\/p>\n","protected":false},"author":1,"featured_media":217886,"comment_status":"open","ping_status":"open","sticky":false,"template":"","format":"standard","meta":[],"categories":[40,37],"tags":[],"_links":{"self":[{"href":"https:\/\/www.ecuadortimes.net\/es\/wp-json\/wp\/v2\/posts\/217885"}],"collection":[{"href":"https:\/\/www.ecuadortimes.net\/es\/wp-json\/wp\/v2\/posts"}],"about":[{"href":"https:\/\/www.ecuadortimes.net\/es\/wp-json\/wp\/v2\/types\/post"}],"author":[{"embeddable":true,"href":"https:\/\/www.ecuadortimes.net\/es\/wp-json\/wp\/v2\/users\/1"}],"replies":[{"embeddable":true,"href":"https:\/\/www.ecuadortimes.net\/es\/wp-json\/wp\/v2\/comments?post=217885"}],"version-history":[{"count":0,"href":"https:\/\/www.ecuadortimes.net\/es\/wp-json\/wp\/v2\/posts\/217885\/revisions"}],"wp:featuredmedia":[{"embeddable":true,"href":"https:\/\/www.ecuadortimes.net\/es\/wp-json\/wp\/v2\/media\/217886"}],"wp:attachment":[{"href":"https:\/\/www.ecuadortimes.net\/es\/wp-json\/wp\/v2\/media?parent=217885"}],"wp:term":[{"taxonomy":"category","embeddable":true,"href":"https:\/\/www.ecuadortimes.net\/es\/wp-json\/wp\/v2\/categories?post=217885"},{"taxonomy":"post_tag","embeddable":true,"href":"https:\/\/www.ecuadortimes.net\/es\/wp-json\/wp\/v2\/tags?post=217885"}],"curies":[{"name":"wp","href":"https:\/\/api.w.org\/{rel}","templated":true}]}}