{"id":217887,"date":"2013-04-16T00:00:00","date_gmt":"2013-04-16T00:00:00","guid":{"rendered":"https:\/\/www.ecuadortimes.net\/es\/deshielo-en-la-antartida-se-ha-incrementado-durante-los-ultimos-600-anos\/"},"modified":"2013-04-16T00:00:00","modified_gmt":"2013-04-16T00:00:00","slug":"deshielo-en-la-antartida-se-ha-incrementado-durante-los-ultimos-600-anos","status":"publish","type":"post","link":"https:\/\/www.ecuadortimes.net\/es\/deshielo-en-la-antartida-se-ha-incrementado-durante-los-ultimos-600-anos\/","title":{"rendered":"Deshielo en la Ant\u00e1rtida se ha incrementado durante los \u00faltimos 600 a\u00f1os"},"content":{"rendered":"<p><a href=\"http:\/\/www.ecuadortimes.net\/es\/2013\/04\/16\/deshielo-en-la-antartida-se-ha-incrementado-durante-los-ultimos-600-anos\/antartida-2\/\" rel=\"attachment wp-att-111207\"><img loading=\"lazy\" class=\"size-full wp-image-111207 alignright\" title=\"antartida\" src=\"http:\/\/media.ecuadortimes.net\/2013\/04\/antartida.jpg\" alt=\"\" width=\"340\" height=\"256\" \/><\/a>Seg\u00fan un estudio publicado por el peri\u00f3dico &#8216;Nature Geoscience&#8217;, el deshielo en la Ant\u00e1rtida ha aumentado casi diez veces en los \u00faltimos 600 a\u00f1os, cuando las temperaturas eran de unos 1,6 grados cent\u00edgrados menos que las registradas en el siglo XX.<\/p>\n<p>&#8220;Descubrimos que las condiciones m\u00e1s fr\u00edas en la pen\u00ednsula ant\u00e1rtica y la menor cantidad de deshielo durante el verano ocurri\u00f3 hace 600 a\u00f1os&#8221;, dijo Nerilie Abram, jefe del estudio y experto de la Universidad Nacional Australiana (ANU) y el Sondeo Ant\u00e1rtico Brit\u00e1nico (BAS).<\/p>\n<p>Esta investigaci\u00f3n busca comprender los motivos de los cambios ambientales en la Ant\u00e1rtida y medir la contribuci\u00f3n de su deshielo en el aumento de los niveles del mar, y para ello los cient\u00edficos examinaron los cambios de temperatura en el n\u00facleo de hielo de la Ant\u00e1rtida durante los \u00faltimos mil a\u00f1os.<\/p>\n","protected":false},"excerpt":{"rendered":"<p>Seg\u00fan un estudio publicado por el peri\u00f3dico &#8216;Nature Geoscience&#8217;, el deshielo en la Ant\u00e1rtida ha aumentado casi diez veces en los \u00faltimos 600 a\u00f1os, cuando las temperaturas eran de unos 1,6 grados cent\u00edgrados menos que las registradas en el siglo XX. &#8220;Descubrimos que las condiciones m\u00e1s fr\u00edas en la pen\u00ednsula ant\u00e1rtica y la menor cantidad de deshielo durante el verano ocurri\u00f3 hace 600 a\u00f1os&#8221;, dijo Nerilie Abram, jefe del estudio y experto de la Universidad Nacional Australiana (ANU) y el Sondeo Ant\u00e1rtico Brit\u00e1nico (BAS). Esta investigaci\u00f3n busca comprender los motivos de los cambios ambientales en la Ant\u00e1rtida y medir la contribuci\u00f3n de su deshielo en el aumento de los niveles del mar, y para ello los cient\u00edficos examinaron los cambios de temperatura en el n\u00facleo de hielo de la Ant\u00e1rtida durante los \u00faltimos mil a\u00f1os.<\/p>\n","protected":false},"author":1,"featured_media":217888,"comment_status":"open","ping_status":"open","sticky":false,"template":"","format":"standard","meta":[],"categories":[36],"tags":[],"_links":{"self":[{"href":"https:\/\/www.ecuadortimes.net\/es\/wp-json\/wp\/v2\/posts\/217887"}],"collection":[{"href":"https:\/\/www.ecuadortimes.net\/es\/wp-json\/wp\/v2\/posts"}],"about":[{"href":"https:\/\/www.ecuadortimes.net\/es\/wp-json\/wp\/v2\/types\/post"}],"author":[{"embeddable":true,"href":"https:\/\/www.ecuadortimes.net\/es\/wp-json\/wp\/v2\/users\/1"}],"replies":[{"embeddable":true,"href":"https:\/\/www.ecuadortimes.net\/es\/wp-json\/wp\/v2\/comments?post=217887"}],"version-history":[{"count":0,"href":"https:\/\/www.ecuadortimes.net\/es\/wp-json\/wp\/v2\/posts\/217887\/revisions"}],"wp:featuredmedia":[{"embeddable":true,"href":"https:\/\/www.ecuadortimes.net\/es\/wp-json\/wp\/v2\/media\/217888"}],"wp:attachment":[{"href":"https:\/\/www.ecuadortimes.net\/es\/wp-json\/wp\/v2\/media?parent=217887"}],"wp:term":[{"taxonomy":"category","embeddable":true,"href":"https:\/\/www.ecuadortimes.net\/es\/wp-json\/wp\/v2\/categories?post=217887"},{"taxonomy":"post_tag","embeddable":true,"href":"https:\/\/www.ecuadortimes.net\/es\/wp-json\/wp\/v2\/tags?post=217887"}],"curies":[{"name":"wp","href":"https:\/\/api.w.org\/{rel}","templated":true}]}}