{"id":217889,"date":"2013-04-16T00:00:00","date_gmt":"2013-04-16T00:00:00","guid":{"rendered":"https:\/\/www.ecuadortimes.net\/es\/competidora-del-war-race-fallece-tras-deshidratacion-extrema\/"},"modified":"2013-04-16T00:00:00","modified_gmt":"2013-04-16T00:00:00","slug":"competidora-del-war-race-fallece-tras-deshidratacion-extrema","status":"publish","type":"post","link":"https:\/\/www.ecuadortimes.net\/es\/competidora-del-war-race-fallece-tras-deshidratacion-extrema\/","title":{"rendered":"Competidora del War Race fallece tras deshidrataci\u00f3n extrema"},"content":{"rendered":"<div>\n<div id=\"attachment_111237\" style=\"width: 249px\" class=\"wp-caption alignright\"><img aria-describedby=\"caption-attachment-111237\" loading=\"lazy\" class=\"size-medium wp-image-111237\" title=\"Cinthya Nivelo\" src=\"http:\/\/media.ecuadortimes.net\/2013\/04\/Cinthya-Nivelo-239x300.jpg\" alt=\"Cinthya Nivelo\" width=\"239\" height=\"300\" \/><p id=\"caption-attachment-111237\" class=\"wp-caption-text\">Cinthya Nivelo<\/p><\/div>\n<p><span style=\"color: #000000;\">El pasado domingo 14 de abril, Cinthya Shirley Nivelo Pacheco, de 25 a\u00f1os falleci\u00f3 durante su participaci\u00f3n en la competencia de exigencia f\u00edsica War Race (carrera extrema de 10 km. con varios obst\u00e1culos), debido a una deshidrataci\u00f3n extrema.<\/span><\/p>\n<\/div>\n<div>\n<div dir=\"ltr\">\n<div><span style=\"color: #000000;\">Competidores y seguidores de esta carrera aseguraron que durante un tramo de 8 km. en loma no existi\u00f3 ning\u00fan punto de hidrataci\u00f3n como tampoco personal de la competencia para asistir a los participantes.<\/span><\/div>\n<div><span style=\"color: #000000;\">\u00a0<\/span><\/div>\n<div><span style=\"color: #000000;\">Fuentes revelaron que Cinthya se desplom\u00f3 alcanzando seis de los diez kil\u00f3metros de la carrera y que no hubo quien la auxiliara, ni param\u00e9dicos ni personal de War Race. La joven aparentemente comenz\u00f3 a emitir sonidos extra\u00f1os y a desorbitar sus ojos, lo que preocup\u00f3 a otros competidores. No hab\u00eda ni puestos de hidrataci\u00f3n, ni unidades de auxilio; mi hija tuvo que esperar como dos horas para que la lleven a un hospital\u009d, reclam\u00f3 Freddy Nivelo, padre de la v\u00edctima.<\/span><\/div>\n<div><span style=\"color: #000000;\">\u00a0<\/span><\/div>\n<div><span style=\"color: #000000;\">Nivelo fue trasladada mediante\u00a0en\u00a0una ambulancia del Cuerpo de Bomberos a la cl\u00ednica Kennedy Alborada. La joven sufri\u00f3 dos paros cardiorespiratorios y cerca de las 19:00 se conoci\u00f3 su deceso. Los resultados de la autopsia revelaron que Cinthya sufri\u00f3 una deshidrataci\u00f3n masiva afectando a todos sus \u00f3rganos.<\/span><\/div>\n<div><span style=\"color: #000000;\">\u00a0<\/span><\/div>\n<div><span style=\"color: #000000;\">Otros seguidores de esta competencia sostienen que la falta de preparaci\u00f3n de la v\u00edctima para este tipo de competencia pudo haber incidido. Esta es la tercera carrera de este tipo que organiza War Race, cuyo gerente Rodolfo Farf\u00e1n, no se ha pronunciado respecto a la tragedia. El sepelio de la joven est\u00e1 previsto a las 16:00 de hoy en el cementerio Parque de la Paz de la avenida Le\u00f3n Febres-Cordero.<\/span><\/div>\n<\/div>\n<\/div>\n","protected":false},"excerpt":{"rendered":"<p>El pasado domingo 14 de abril, Cinthya Shirley Nivelo Pacheco, de 25 a\u00f1os falleci\u00f3 durante su participaci\u00f3n en la competencia de exigencia f\u00edsica War Race (carrera extrema de 10 km. con varios obst\u00e1culos), debido a una deshidrataci\u00f3n extrema. Competidores y seguidores de esta carrera aseguraron que durante un tramo de 8 km. en loma no existi\u00f3 ning\u00fan punto de hidrataci\u00f3n como tampoco personal de la competencia para asistir a los participantes. \u00a0 Fuentes revelaron que Cinthya se desplom\u00f3 alcanzando seis de los diez kil\u00f3metros de la carrera y que no hubo quien la auxiliara, ni param\u00e9dicos ni personal de War Race. La joven aparentemente comenz\u00f3 a emitir sonidos extra\u00f1os y a desorbitar sus ojos, lo que preocup\u00f3 a otros competidores. No hab\u00eda ni puestos de hidrataci\u00f3n, ni unidades de auxilio; mi hija tuvo que esperar como dos horas para que la lleven a un hospital\u009d, reclam\u00f3 Freddy Nivelo, padre de la v\u00edctima. \u00a0 Nivelo fue trasladada mediante\u00a0en\u00a0una ambulancia del Cuerpo de Bomberos a la cl\u00ednica Kennedy Alborada. La joven sufri\u00f3 dos paros cardiorespiratorios y cerca de las 19:00 se conoci\u00f3 su deceso. Los resultados de la autopsia revelaron que Cinthya sufri\u00f3 una deshidrataci\u00f3n masiva afectando a todos sus \u00f3rganos. \u00a0 Otros seguidores de esta competencia sostienen que la falta de preparaci\u00f3n de la v\u00edctima para este tipo de competencia pudo haber incidido. Esta es la tercera carrera de este tipo que organiza War Race, cuyo gerente Rodolfo Farf\u00e1n, no se ha pronunciado respecto a la tragedia. El sepelio de la joven est\u00e1 previsto a las 16:00 de hoy en el cementerio Parque de la Paz de la avenida Le\u00f3n Febres-Cordero.<\/p>\n","protected":false},"author":1,"featured_media":217890,"comment_status":"open","ping_status":"open","sticky":false,"template":"","format":"standard","meta":[],"categories":[35,37],"tags":[],"_links":{"self":[{"href":"https:\/\/www.ecuadortimes.net\/es\/wp-json\/wp\/v2\/posts\/217889"}],"collection":[{"href":"https:\/\/www.ecuadortimes.net\/es\/wp-json\/wp\/v2\/posts"}],"about":[{"href":"https:\/\/www.ecuadortimes.net\/es\/wp-json\/wp\/v2\/types\/post"}],"author":[{"embeddable":true,"href":"https:\/\/www.ecuadortimes.net\/es\/wp-json\/wp\/v2\/users\/1"}],"replies":[{"embeddable":true,"href":"https:\/\/www.ecuadortimes.net\/es\/wp-json\/wp\/v2\/comments?post=217889"}],"version-history":[{"count":0,"href":"https:\/\/www.ecuadortimes.net\/es\/wp-json\/wp\/v2\/posts\/217889\/revisions"}],"wp:featuredmedia":[{"embeddable":true,"href":"https:\/\/www.ecuadortimes.net\/es\/wp-json\/wp\/v2\/media\/217890"}],"wp:attachment":[{"href":"https:\/\/www.ecuadortimes.net\/es\/wp-json\/wp\/v2\/media?parent=217889"}],"wp:term":[{"taxonomy":"category","embeddable":true,"href":"https:\/\/www.ecuadortimes.net\/es\/wp-json\/wp\/v2\/categories?post=217889"},{"taxonomy":"post_tag","embeddable":true,"href":"https:\/\/www.ecuadortimes.net\/es\/wp-json\/wp\/v2\/tags?post=217889"}],"curies":[{"name":"wp","href":"https:\/\/api.w.org\/{rel}","templated":true}]}}