{"id":217891,"date":"2013-04-16T00:00:00","date_gmt":"2013-04-16T00:00:00","guid":{"rendered":"https:\/\/www.ecuadortimes.net\/es\/esmeraldas-sigue-afectada-por-fuertes-lluvias\/"},"modified":"2013-04-16T00:00:00","modified_gmt":"2013-04-16T00:00:00","slug":"esmeraldas-sigue-afectada-por-fuertes-lluvias","status":"publish","type":"post","link":"https:\/\/www.ecuadortimes.net\/es\/esmeraldas-sigue-afectada-por-fuertes-lluvias\/","title":{"rendered":"Esmeraldas sigue afectada por fuertes lluvias"},"content":{"rendered":"<div id=\"attachment_111262\" style=\"width: 350px\" class=\"wp-caption alignleft\"><a href=\"http:\/\/www.ecuadortimes.net\/es\/2013\/04\/16\/esmeraldas-sigue-afectada-por-fuertes-lluvias\/inundaciones\/\" rel=\"attachment wp-att-111262\"><img aria-describedby=\"caption-attachment-111262\" loading=\"lazy\" class=\"size-full wp-image-111262\" title=\"La uni\u00f3n, Esmeraldas\" src=\"http:\/\/media.ecuadortimes.net\/2013\/04\/Inundaciones.jpg\" alt=\"La uni\u00f3n, Esmeraldas\" width=\"340\" height=\"256\" \/><\/a><p id=\"caption-attachment-111262\" class=\"wp-caption-text\">La uni\u00f3n, Esmeraldas<\/p><\/div>\n<p>En la costa de Ecuador el periodo de lluvias a\u00fan no cesa, varias provincias se han visto afectadas por las fuertes precipitaciones que afectan al pa\u00eds, entre ellas Esmeraldas, donde, entre el s\u00e1bado y ayer, extensas \u00e1reas agr\u00edcolas del cant\u00f3n Atacames quedaron inundadas. El agua lleg\u00f3 hasta casi un metro de altura en la parroquia La Uni\u00f3n, debido a que todos los esteros de la parroquia, que desembocan en el r\u00edo Atacames, se desbordaron.<\/p>\n<p>El temporal tambi\u00e9n provoc\u00f3 que durante la madrugada de ayer se rebose uno de los diques que conten\u00eda una mezcla de agua y petr\u00f3leo, causando una nueva emergencia en W\u00ednchele, donde el pasado 8 de abril del a\u00f1o en curso se averi\u00f3 el tubo del oleoducto de la compa\u00f1\u00eda OCP, a causa de un deslizamiento que provoc\u00f3 que se derramen 5.500 barriles de crudo.<\/p>\n<p>En la zona norte de la provincia tambi\u00e9n se reportaron inundaciones, lo que dej\u00f3 como resultado una persona desaparecida en el cant\u00f3n San Lorenzo, en la frontera con Colombia. La Infanter\u00eda de Marina se estaba encargando de buscarla, a pesar de que su identidad a\u00fan no la conoc\u00eda la Secretar\u00eda Nacional de Gesti\u00f3n de Riesgos (SNGR) de Esmeraldas.<\/p>\n<p>El director de la SNGR, Guillermo Prado, indic\u00f3 ayer que hay 410 afectados en la zona norte y siete familias, que han perdido sus viviendas en las comunidades de Calder\u00f3n, La Boca, Urbina y Carondelet, se encuentran en albergues.<\/p>\n","protected":false},"excerpt":{"rendered":"<p>En la costa de Ecuador el periodo de lluvias a\u00fan no cesa, varias provincias se han visto afectadas por las fuertes precipitaciones que afectan al pa\u00eds, entre ellas Esmeraldas, donde, entre el s\u00e1bado y ayer, extensas \u00e1reas agr\u00edcolas del cant\u00f3n Atacames quedaron inundadas. El agua lleg\u00f3 hasta casi un metro de altura en la parroquia La Uni\u00f3n, debido a que todos los esteros de la parroquia, que desembocan en el r\u00edo Atacames, se desbordaron. El temporal tambi\u00e9n provoc\u00f3 que durante la madrugada de ayer se rebose uno de los diques que conten\u00eda una mezcla de agua y petr\u00f3leo, causando una nueva emergencia en W\u00ednchele, donde el pasado 8 de abril del a\u00f1o en curso se averi\u00f3 el tubo del oleoducto de la compa\u00f1\u00eda OCP, a causa de un deslizamiento que provoc\u00f3 que se derramen 5.500 barriles de crudo. En la zona norte de la provincia tambi\u00e9n se reportaron inundaciones, lo que dej\u00f3 como resultado una persona desaparecida en el cant\u00f3n San Lorenzo, en la frontera con Colombia. La Infanter\u00eda de Marina se estaba encargando de buscarla, a pesar de que su identidad a\u00fan no la conoc\u00eda la Secretar\u00eda Nacional de Gesti\u00f3n de Riesgos (SNGR) de Esmeraldas. El director de la SNGR, Guillermo Prado, indic\u00f3 ayer que hay 410 afectados en la zona norte y siete familias, que han perdido sus viviendas en las comunidades de Calder\u00f3n, La Boca, Urbina y Carondelet, se encuentran en albergues.<\/p>\n","protected":false},"author":1,"featured_media":217892,"comment_status":"open","ping_status":"open","sticky":false,"template":"","format":"standard","meta":[],"categories":[32,41],"tags":[],"_links":{"self":[{"href":"https:\/\/www.ecuadortimes.net\/es\/wp-json\/wp\/v2\/posts\/217891"}],"collection":[{"href":"https:\/\/www.ecuadortimes.net\/es\/wp-json\/wp\/v2\/posts"}],"about":[{"href":"https:\/\/www.ecuadortimes.net\/es\/wp-json\/wp\/v2\/types\/post"}],"author":[{"embeddable":true,"href":"https:\/\/www.ecuadortimes.net\/es\/wp-json\/wp\/v2\/users\/1"}],"replies":[{"embeddable":true,"href":"https:\/\/www.ecuadortimes.net\/es\/wp-json\/wp\/v2\/comments?post=217891"}],"version-history":[{"count":0,"href":"https:\/\/www.ecuadortimes.net\/es\/wp-json\/wp\/v2\/posts\/217891\/revisions"}],"wp:featuredmedia":[{"embeddable":true,"href":"https:\/\/www.ecuadortimes.net\/es\/wp-json\/wp\/v2\/media\/217892"}],"wp:attachment":[{"href":"https:\/\/www.ecuadortimes.net\/es\/wp-json\/wp\/v2\/media?parent=217891"}],"wp:term":[{"taxonomy":"category","embeddable":true,"href":"https:\/\/www.ecuadortimes.net\/es\/wp-json\/wp\/v2\/categories?post=217891"},{"taxonomy":"post_tag","embeddable":true,"href":"https:\/\/www.ecuadortimes.net\/es\/wp-json\/wp\/v2\/tags?post=217891"}],"curies":[{"name":"wp","href":"https:\/\/api.w.org\/{rel}","templated":true}]}}