{"id":217897,"date":"2013-04-16T00:00:00","date_gmt":"2013-04-16T00:00:00","guid":{"rendered":"https:\/\/www.ecuadortimes.net\/es\/continuan-investigaciones-por-el-atentado-en-boston\/"},"modified":"2013-04-16T00:00:00","modified_gmt":"2013-04-16T00:00:00","slug":"continuan-investigaciones-por-el-atentado-en-boston","status":"publish","type":"post","link":"https:\/\/www.ecuadortimes.net\/es\/continuan-investigaciones-por-el-atentado-en-boston\/","title":{"rendered":"Continuan investigaciones por el atentado en Boston"},"content":{"rendered":"<p>Oficiales de la <strong>Oficina Federal de Investigaci\u00f3n<\/strong> (FBI, por su sigla en ingl\u00e9s) contin\u00faan <strong>buscando<\/strong> <strong>evidencias<\/strong> que los lleven con el <strong>autor<\/strong> <strong>o<\/strong> <strong>autores responsables<\/strong> del atentado m\u00faltiple que dej\u00f3 <strong>tres muertos<\/strong> <strong>y cerca de 141 heridos<\/strong> en la recta final del <strong>marat\u00f3n de Boston,<\/strong> el cual conmemoraba su <strong>117\u00ba edici\u00f3n.<\/strong><\/p>\n<p>El FBI est\u00e1 a cargo de varias agencias federales, estatales y locales, que colaboran en las investigaciones. Hasta el momento, no se ha hecho <strong>ninguna detenci\u00f3n ya que no hay sospechosos;<\/strong> lo \u00fanico cierto es que el ataque terrorista fue <strong>coordinado<\/strong> <strong>y planificado.<\/strong><\/p>\n<div id=\"attachment_111272\" style=\"width: 510px\" class=\"wp-caption aligncenter\"><img aria-describedby=\"caption-attachment-111272\" loading=\"lazy\" class=\"size-full wp-image-111272\" title=\"Oficiales del FBI en la escena del crimen.\" src=\"http:\/\/media.ecuadortimes.net\/2013\/04\/investigaciones_atentado_boston_continua_l11.jpg\" alt=\"Oficiales del FBI en la escena del crimen.\" width=\"500\" height=\"347\" \/><p id=\"caption-attachment-111272\" class=\"wp-caption-text\">Oficiales del FBI en la escena del crimen.<\/p><\/div>\n<p>En total, <strong>dos artefactos explotaron<\/strong> hora y media despu\u00e9s de que los primeros de la carrera cruzaran la l\u00ednea de meta. Se sabe que <strong>otros dos artefactos no hicieron explosi\u00f3n.<\/strong><\/p>\n<p>Un miembro experimentado de la investigaci\u00f3n y que ha preferido mantener el anonimato detall\u00f3 que las bombas, de fabricaci\u00f3n casera, estaban <strong>compuestos<\/strong> <strong>de p\u00f3lvora y rellenos de rodamientos, clavos y metralla.<\/strong><\/p>\n<p>Cuando la mortal combinaci\u00f3n estalla, las <strong>esquirlas salen disparadas<\/strong> y, generalmente, <strong>golpean a la altura de las extremidades.<\/strong> Es por este motivo que las fuentes hospitalarias han informado de <strong>numerosas operaciones por amputaciones<\/strong> <strong>y graves heridas de metralla.<\/strong><\/p>\n<div id=\"attachment_111273\" style=\"width: 510px\" class=\"wp-caption aligncenter\"><img aria-describedby=\"caption-attachment-111273\" loading=\"lazy\" class=\"size-full wp-image-111273\" title=\"Ciudadanos heridos por el atentado en Boston.\" src=\"http:\/\/media.ecuadortimes.net\/2013\/04\/investigaciones_atentado_boston_continua_l21.jpg\" alt=\"Ciudadanos heridos por el atentado en Boston.\" width=\"500\" height=\"326\" \/><p id=\"caption-attachment-111273\" class=\"wp-caption-text\">Ciudadanos heridos por el atentado en Boston.<\/p><\/div>\n<p><strong>Talib\u00e1n niega participaci\u00f3n<\/strong><\/p>\n<p><strong>Ihsanullah Ihsan,<\/strong> vocero <strong>Talib\u00e1n<\/strong> en Pakist\u00e1n, dijo que donde quiera que encuentren a un estadounidense le dar\u00e1n muerte, pero <strong>rechaz\u00f3 cualquier v\u00ednculo con las explosiones en Boston.<\/strong><\/p>\n","protected":false},"excerpt":{"rendered":"<p>Oficiales de la Oficina Federal de Investigaci\u00f3n (FBI, por su sigla en ingl\u00e9s) contin\u00faan buscando evidencias que los lleven con el autor o autores responsables del atentado m\u00faltiple que dej\u00f3 tres muertos y cerca de 141 heridos en la recta final del marat\u00f3n de Boston, el cual conmemoraba su 117\u00ba edici\u00f3n. El FBI est\u00e1 a cargo de varias agencias federales, estatales y locales, que colaboran en las investigaciones. Hasta el momento, no se ha hecho ninguna detenci\u00f3n ya que no hay sospechosos; lo \u00fanico cierto es que el ataque terrorista fue coordinado y planificado. En total, dos artefactos explotaron hora y media despu\u00e9s de que los primeros de la carrera cruzaran la l\u00ednea de meta. Se sabe que otros dos artefactos no hicieron explosi\u00f3n. Un miembro experimentado de la investigaci\u00f3n y que ha preferido mantener el anonimato detall\u00f3 que las bombas, de fabricaci\u00f3n casera, estaban compuestos de p\u00f3lvora y rellenos de rodamientos, clavos y metralla. Cuando la mortal combinaci\u00f3n estalla, las esquirlas salen disparadas y, generalmente, golpean a la altura de las extremidades. Es por este motivo que las fuentes hospitalarias han informado de numerosas operaciones por amputaciones y graves heridas de metralla. Talib\u00e1n niega participaci\u00f3n Ihsanullah Ihsan, vocero Talib\u00e1n en Pakist\u00e1n, dijo que donde quiera que encuentren a un estadounidense le dar\u00e1n muerte, pero rechaz\u00f3 cualquier v\u00ednculo con las explosiones en Boston.<\/p>\n","protected":false},"author":1,"featured_media":217898,"comment_status":"open","ping_status":"open","sticky":false,"template":"","format":"standard","meta":[],"categories":[36,37],"tags":[],"_links":{"self":[{"href":"https:\/\/www.ecuadortimes.net\/es\/wp-json\/wp\/v2\/posts\/217897"}],"collection":[{"href":"https:\/\/www.ecuadortimes.net\/es\/wp-json\/wp\/v2\/posts"}],"about":[{"href":"https:\/\/www.ecuadortimes.net\/es\/wp-json\/wp\/v2\/types\/post"}],"author":[{"embeddable":true,"href":"https:\/\/www.ecuadortimes.net\/es\/wp-json\/wp\/v2\/users\/1"}],"replies":[{"embeddable":true,"href":"https:\/\/www.ecuadortimes.net\/es\/wp-json\/wp\/v2\/comments?post=217897"}],"version-history":[{"count":0,"href":"https:\/\/www.ecuadortimes.net\/es\/wp-json\/wp\/v2\/posts\/217897\/revisions"}],"wp:featuredmedia":[{"embeddable":true,"href":"https:\/\/www.ecuadortimes.net\/es\/wp-json\/wp\/v2\/media\/217898"}],"wp:attachment":[{"href":"https:\/\/www.ecuadortimes.net\/es\/wp-json\/wp\/v2\/media?parent=217897"}],"wp:term":[{"taxonomy":"category","embeddable":true,"href":"https:\/\/www.ecuadortimes.net\/es\/wp-json\/wp\/v2\/categories?post=217897"},{"taxonomy":"post_tag","embeddable":true,"href":"https:\/\/www.ecuadortimes.net\/es\/wp-json\/wp\/v2\/tags?post=217897"}],"curies":[{"name":"wp","href":"https:\/\/api.w.org\/{rel}","templated":true}]}}