{"id":217907,"date":"2013-04-16T00:00:00","date_gmt":"2013-04-16T00:00:00","guid":{"rendered":"https:\/\/www.ecuadortimes.net\/es\/hombre-misterioso-en-boston-causa-polemica\/"},"modified":"2013-04-16T00:00:00","modified_gmt":"2013-04-16T00:00:00","slug":"hombre-misterioso-en-boston-causa-polemica","status":"publish","type":"post","link":"https:\/\/www.ecuadortimes.net\/es\/hombre-misterioso-en-boston-causa-polemica\/","title":{"rendered":"Hombre misterioso en Boston causa pol\u00e9mica"},"content":{"rendered":"<p>La imagen de un <strong>hombre misterioso en el techo de un edificio el d\u00eda del atentado de Boston,<\/strong> ha causado <strong>conmoci\u00f3n en las redes sociales,<\/strong> en un momento en que todos se preguntan qui\u00e9n es el responsable de tal masacre.<\/p>\n<p>La foto fue tomada por un joven estudiante, <strong>Dan Lampariello,<\/strong> quien se encontraba a unos <strong>60 metros de distancia<\/strong> <strong>de la explosi\u00f3n.<\/strong> En la parte superior izquierda de la foto <strong>se puede apreciar la figura de un hombre misterioso, que a\u00fan no ha sido identificado.<\/strong> Lo que resulta extra\u00f1o es que <strong>en la foto no parece que el sujeto haya reaccionado de ninguna forma ante el caos de la calle.<\/strong><\/p>\n<div id=\"attachment_111355\" style=\"width: 610px\" class=\"wp-caption aligncenter\"><img aria-describedby=\"caption-attachment-111355\" loading=\"lazy\" class=\"size-full wp-image-111355\" title=\"Hombre misterioso en un techo de un edificio de Boston el d\u00eda del ataque.\" src=\"http:\/\/media.ecuadortimes.net\/2013\/04\/hombre_foto_misterioso_boston_l1.jpg\" alt=\"Hombre misterioso en un techo de un edificio de Boston el d\u00eda del ataque.\" width=\"600\" height=\"335\" \/><p id=\"caption-attachment-111355\" class=\"wp-caption-text\">Hombre misterioso en un techo de un edificio de Boston el d\u00eda del ataque.<\/p><\/div>\n<p>La foto ha llegado a manos de la <strong>polic\u00eda de Boston,<\/strong> quienes han empezado las correspondientes investigaciones. Adem\u00e1s <strong>han solicitado informaci\u00f3n de testigos,<\/strong> por medio de las redes sociales.<\/p>\n","protected":false},"excerpt":{"rendered":"<p>La imagen de un hombre misterioso en el techo de un edificio el d\u00eda del atentado de Boston, ha causado conmoci\u00f3n en las redes sociales, en un momento en que todos se preguntan qui\u00e9n es el responsable de tal masacre. La foto fue tomada por un joven estudiante, Dan Lampariello, quien se encontraba a unos 60 metros de distancia de la explosi\u00f3n. En la parte superior izquierda de la foto se puede apreciar la figura de un hombre misterioso, que a\u00fan no ha sido identificado. Lo que resulta extra\u00f1o es que en la foto no parece que el sujeto haya reaccionado de ninguna forma ante el caos de la calle. La foto ha llegado a manos de la polic\u00eda de Boston, quienes han empezado las correspondientes investigaciones. Adem\u00e1s han solicitado informaci\u00f3n de testigos, por medio de las redes sociales.<\/p>\n","protected":false},"author":1,"featured_media":217908,"comment_status":"open","ping_status":"open","sticky":false,"template":"","format":"standard","meta":[],"categories":[36,37],"tags":[],"_links":{"self":[{"href":"https:\/\/www.ecuadortimes.net\/es\/wp-json\/wp\/v2\/posts\/217907"}],"collection":[{"href":"https:\/\/www.ecuadortimes.net\/es\/wp-json\/wp\/v2\/posts"}],"about":[{"href":"https:\/\/www.ecuadortimes.net\/es\/wp-json\/wp\/v2\/types\/post"}],"author":[{"embeddable":true,"href":"https:\/\/www.ecuadortimes.net\/es\/wp-json\/wp\/v2\/users\/1"}],"replies":[{"embeddable":true,"href":"https:\/\/www.ecuadortimes.net\/es\/wp-json\/wp\/v2\/comments?post=217907"}],"version-history":[{"count":0,"href":"https:\/\/www.ecuadortimes.net\/es\/wp-json\/wp\/v2\/posts\/217907\/revisions"}],"wp:featuredmedia":[{"embeddable":true,"href":"https:\/\/www.ecuadortimes.net\/es\/wp-json\/wp\/v2\/media\/217908"}],"wp:attachment":[{"href":"https:\/\/www.ecuadortimes.net\/es\/wp-json\/wp\/v2\/media?parent=217907"}],"wp:term":[{"taxonomy":"category","embeddable":true,"href":"https:\/\/www.ecuadortimes.net\/es\/wp-json\/wp\/v2\/categories?post=217907"},{"taxonomy":"post_tag","embeddable":true,"href":"https:\/\/www.ecuadortimes.net\/es\/wp-json\/wp\/v2\/tags?post=217907"}],"curies":[{"name":"wp","href":"https:\/\/api.w.org\/{rel}","templated":true}]}}