{"id":217911,"date":"2013-04-17T00:00:00","date_gmt":"2013-04-17T00:00:00","guid":{"rendered":"https:\/\/www.ecuadortimes.net\/es\/prision-preventiva-para-pedro-delgado-podria-no-ordenarse\/"},"modified":"2013-04-17T00:00:00","modified_gmt":"2013-04-17T00:00:00","slug":"prision-preventiva-para-pedro-delgado-podria-no-ordenarse","status":"publish","type":"post","link":"https:\/\/www.ecuadortimes.net\/es\/prision-preventiva-para-pedro-delgado-podria-no-ordenarse\/","title":{"rendered":"Prisi\u00f3n preventiva para Pedro Delgado podr\u00eda no ordenarse"},"content":{"rendered":"<div id=\"attachment_111365\" style=\"width: 310px\" class=\"wp-caption alignright\"><img aria-describedby=\"caption-attachment-111365\" loading=\"lazy\" class=\"size-medium wp-image-111365\" title=\"Pedro Delgado\" src=\"http:\/\/media.ecuadortimes.net\/2013\/04\/Pedro-Delgado-is-fat-of-ecuadors-corruption3-300x225.jpg\" alt=\"Pedro Delgado\" width=\"300\" height=\"225\" \/><p id=\"caption-attachment-111365\" class=\"wp-caption-text\">Pedro Delgado<\/p><\/div>\n<p>La\u00a0<strong>Corte Nacional de Justicia<\/strong>\u00a0(CNJ) analizar\u00e1 la decisi\u00f3n del juez de Garant\u00edas Penales,\u00a0<strong>Vicente Robalino<\/strong>, de no ordenar prisi\u00f3n preventiva contra\u00a0<strong>Pedro<\/strong>\u00a0<strong>Delgado Campa\u00f1a<\/strong>, ex presidente del Banco Central del Ecuador BCE y primo del presidente de la Rep\u00fablica\u00a0<strong>Rafael Correa<\/strong>.<\/p>\n<p>Esta decisi\u00f3n surgi\u00f3 despu\u00e9s que la CNJ acept\u00f3 el recurso de apelaci\u00f3n interpuesto por la Fiscal\u00eda General. Ahora el Tribunal de Apelaciones de la CNJ deber\u00e1 fijar fecha y hora para la audiencia.<\/p>\n<p>Mientras tanto el fiscal general,\u00a0<strong>Galo Chiriboga<\/strong>, apel\u00f3 contra la negativa del juez Robalino, pues consider\u00f3 que \u00e9l tom\u00f3 una <strong><em>err\u00f3nea valoraci\u00f3n de los elementos de convicci\u00f3n presentados por la Fiscal\u00eda<\/em><\/strong>\u009d.<\/p>\n<p>La fiscal\u00eda inici\u00f3 una instrucci\u00f3n fiscal contra Delgado, el pasado 8 de abril, por el supuesto delito de uso doloso de documento falso, despu\u00e9s que el asamble\u00edsta (no afiliado)\u00a0<strong>Enrique Herrer\u00eda<\/strong>\u00a0hiciera la denuncia de que Delgado ocupo cargos p\u00fablicos y firm\u00f3 documentos p\u00fablicos sin ser economista de profesi\u00f3n.<\/p>\n<p>&nbsp;<\/p>\n","protected":false},"excerpt":{"rendered":"<p>La\u00a0Corte Nacional de Justicia\u00a0(CNJ) analizar\u00e1 la decisi\u00f3n del juez de Garant\u00edas Penales,\u00a0Vicente Robalino, de no ordenar prisi\u00f3n preventiva contra\u00a0Pedro\u00a0Delgado Campa\u00f1a, ex presidente del Banco Central del Ecuador BCE y primo del presidente de la Rep\u00fablica\u00a0Rafael Correa. Esta decisi\u00f3n surgi\u00f3 despu\u00e9s que la CNJ acept\u00f3 el recurso de apelaci\u00f3n interpuesto por la Fiscal\u00eda General. Ahora el Tribunal de Apelaciones de la CNJ deber\u00e1 fijar fecha y hora para la audiencia. Mientras tanto el fiscal general,\u00a0Galo Chiriboga, apel\u00f3 contra la negativa del juez Robalino, pues consider\u00f3 que \u00e9l tom\u00f3 una err\u00f3nea valoraci\u00f3n de los elementos de convicci\u00f3n presentados por la Fiscal\u00eda\u009d. La fiscal\u00eda inici\u00f3 una instrucci\u00f3n fiscal contra Delgado, el pasado 8 de abril, por el supuesto delito de uso doloso de documento falso, despu\u00e9s que el asamble\u00edsta (no afiliado)\u00a0Enrique Herrer\u00eda\u00a0hiciera la denuncia de que Delgado ocupo cargos p\u00fablicos y firm\u00f3 documentos p\u00fablicos sin ser economista de profesi\u00f3n. &nbsp;<\/p>\n","protected":false},"author":1,"featured_media":217912,"comment_status":"open","ping_status":"open","sticky":false,"template":"","format":"standard","meta":[],"categories":[40,37],"tags":[],"_links":{"self":[{"href":"https:\/\/www.ecuadortimes.net\/es\/wp-json\/wp\/v2\/posts\/217911"}],"collection":[{"href":"https:\/\/www.ecuadortimes.net\/es\/wp-json\/wp\/v2\/posts"}],"about":[{"href":"https:\/\/www.ecuadortimes.net\/es\/wp-json\/wp\/v2\/types\/post"}],"author":[{"embeddable":true,"href":"https:\/\/www.ecuadortimes.net\/es\/wp-json\/wp\/v2\/users\/1"}],"replies":[{"embeddable":true,"href":"https:\/\/www.ecuadortimes.net\/es\/wp-json\/wp\/v2\/comments?post=217911"}],"version-history":[{"count":0,"href":"https:\/\/www.ecuadortimes.net\/es\/wp-json\/wp\/v2\/posts\/217911\/revisions"}],"wp:featuredmedia":[{"embeddable":true,"href":"https:\/\/www.ecuadortimes.net\/es\/wp-json\/wp\/v2\/media\/217912"}],"wp:attachment":[{"href":"https:\/\/www.ecuadortimes.net\/es\/wp-json\/wp\/v2\/media?parent=217911"}],"wp:term":[{"taxonomy":"category","embeddable":true,"href":"https:\/\/www.ecuadortimes.net\/es\/wp-json\/wp\/v2\/categories?post=217911"},{"taxonomy":"post_tag","embeddable":true,"href":"https:\/\/www.ecuadortimes.net\/es\/wp-json\/wp\/v2\/tags?post=217911"}],"curies":[{"name":"wp","href":"https:\/\/api.w.org\/{rel}","templated":true}]}}