{"id":217929,"date":"2013-04-17T00:00:00","date_gmt":"2013-04-17T00:00:00","guid":{"rendered":"https:\/\/www.ecuadortimes.net\/es\/cidh-destina-un-amplio-espacio-a-ecuador-en-su-informe\/"},"modified":"2013-04-17T00:00:00","modified_gmt":"2013-04-17T00:00:00","slug":"cidh-destina-un-amplio-espacio-a-ecuador-en-su-informe","status":"publish","type":"post","link":"https:\/\/www.ecuadortimes.net\/es\/cidh-destina-un-amplio-espacio-a-ecuador-en-su-informe\/","title":{"rendered":"CIDH destina un amplio espacio a Ecuador en su informe"},"content":{"rendered":"<p><a href=\"http:\/\/www.ecuadortimes.net\/es\/2013\/04\/17\/cidh-destina-un-amplio-espacio-a-ecuador-en-su-informe\/cidh-7\/\" rel=\"attachment wp-att-111482\"><img loading=\"lazy\" class=\"alignleft size-full wp-image-111482\" title=\"Cidh\" src=\"http:\/\/media.ecuadortimes.net\/2013\/04\/Cidh.jpg\" alt=\"\" width=\"340\" height=\"256\" \/><\/a>La Comisi\u00f3n Interamericana de Derechos Humanos (CIDH) present\u00f3 ayer ante la Comisi\u00f3n de Asuntos Jur\u00eddicos y Pol\u00edticos de la Organizaci\u00f3n de los Estados Americanos (OEA) el informe anual del 2012.<\/p>\n<p>En el documento se incluye el de la Relator\u00eda Especial para la Libertad de Expresi\u00f3n, en el cual se dedica un amplio cap\u00edtulo a Ecuador; all\u00ed se habla sobre el asesinato del periodista gr\u00e1fico Byron Balde\u00f3n; reformas legales aprobadas como al C\u00f3digo de la Democracia en relaci\u00f3n al trabajo de la prensa en \u00e9poca de campa\u00f1a; leyes en discusi\u00f3n, como la de Comunicaci\u00f3n, la de Telecomunicaciones y la de Servicios Postales.<\/p>\n<p>As\u00ed mismo, habla acerca del proyecto de C\u00f3digo Integral Penal, en el que se busca incluir delitos como el femicidio, y se mantienen otros como las injurias contra funcionarios p\u00fablicos, estableciendo penas que llegan hasta los tres a\u00f1os de c\u00e1rcel.<\/p>\n<p>El informe enumera las detenciones de ciudadanos que se expresaron contra el Presidente Rafael Correa, entre ellos juicios a los periodistas Juan Carlos Calder\u00f3n y Christian Zurita; a diario El Universo, sus directivos y el exeditor de Opini\u00f3n; el periodista Yaco Mart\u00ednez; el pol\u00edtico Fernando Balda, y \u00f3rdenes judiciales contra diario La Hora y amenazas de demandas a El Comercio.<\/p>\n","protected":false},"excerpt":{"rendered":"<p>La Comisi\u00f3n Interamericana de Derechos Humanos (CIDH) present\u00f3 ayer ante la Comisi\u00f3n de Asuntos Jur\u00eddicos y Pol\u00edticos de la Organizaci\u00f3n de los Estados Americanos (OEA) el informe anual del 2012. En el documento se incluye el de la Relator\u00eda Especial para la Libertad de Expresi\u00f3n, en el cual se dedica un amplio cap\u00edtulo a Ecuador; all\u00ed se habla sobre el asesinato del periodista gr\u00e1fico Byron Balde\u00f3n; reformas legales aprobadas como al C\u00f3digo de la Democracia en relaci\u00f3n al trabajo de la prensa en \u00e9poca de campa\u00f1a; leyes en discusi\u00f3n, como la de Comunicaci\u00f3n, la de Telecomunicaciones y la de Servicios Postales. As\u00ed mismo, habla acerca del proyecto de C\u00f3digo Integral Penal, en el que se busca incluir delitos como el femicidio, y se mantienen otros como las injurias contra funcionarios p\u00fablicos, estableciendo penas que llegan hasta los tres a\u00f1os de c\u00e1rcel. El informe enumera las detenciones de ciudadanos que se expresaron contra el Presidente Rafael Correa, entre ellos juicios a los periodistas Juan Carlos Calder\u00f3n y Christian Zurita; a diario El Universo, sus directivos y el exeditor de Opini\u00f3n; el periodista Yaco Mart\u00ednez; el pol\u00edtico Fernando Balda, y \u00f3rdenes judiciales contra diario La Hora y amenazas de demandas a El Comercio.<\/p>\n","protected":false},"author":1,"featured_media":217930,"comment_status":"open","ping_status":"open","sticky":false,"template":"","format":"standard","meta":[],"categories":[32,36,41],"tags":[],"_links":{"self":[{"href":"https:\/\/www.ecuadortimes.net\/es\/wp-json\/wp\/v2\/posts\/217929"}],"collection":[{"href":"https:\/\/www.ecuadortimes.net\/es\/wp-json\/wp\/v2\/posts"}],"about":[{"href":"https:\/\/www.ecuadortimes.net\/es\/wp-json\/wp\/v2\/types\/post"}],"author":[{"embeddable":true,"href":"https:\/\/www.ecuadortimes.net\/es\/wp-json\/wp\/v2\/users\/1"}],"replies":[{"embeddable":true,"href":"https:\/\/www.ecuadortimes.net\/es\/wp-json\/wp\/v2\/comments?post=217929"}],"version-history":[{"count":0,"href":"https:\/\/www.ecuadortimes.net\/es\/wp-json\/wp\/v2\/posts\/217929\/revisions"}],"wp:featuredmedia":[{"embeddable":true,"href":"https:\/\/www.ecuadortimes.net\/es\/wp-json\/wp\/v2\/media\/217930"}],"wp:attachment":[{"href":"https:\/\/www.ecuadortimes.net\/es\/wp-json\/wp\/v2\/media?parent=217929"}],"wp:term":[{"taxonomy":"category","embeddable":true,"href":"https:\/\/www.ecuadortimes.net\/es\/wp-json\/wp\/v2\/categories?post=217929"},{"taxonomy":"post_tag","embeddable":true,"href":"https:\/\/www.ecuadortimes.net\/es\/wp-json\/wp\/v2\/tags?post=217929"}],"curies":[{"name":"wp","href":"https:\/\/api.w.org\/{rel}","templated":true}]}}