{"id":217951,"date":"2013-04-18T00:00:00","date_gmt":"2013-04-18T00:00:00","guid":{"rendered":"https:\/\/www.ecuadortimes.net\/es\/maduro-listo-para-su-posesion\/"},"modified":"2013-04-18T00:00:00","modified_gmt":"2013-04-18T00:00:00","slug":"maduro-listo-para-su-posesion","status":"publish","type":"post","link":"https:\/\/www.ecuadortimes.net\/es\/maduro-listo-para-su-posesion\/","title":{"rendered":"Maduro listo para su posesi\u00f3n"},"content":{"rendered":"<p>Luego de varios <strong>d\u00edas de tensi\u00f3n en Venezuela, tras las elecciones re\u00f1idas del pasado domingo,<\/strong> el presidente electo <strong>Nicol\u00e1s Maduro<\/strong> <strong>se prepara para su toma de posesi\u00f3n de este viernes,<\/strong> la que se efectuar\u00e1 ante <strong>varios jefes de Estado extranjeros,<\/strong> a pesar de reclamos de la oposici\u00f3n, que pide un reconteo de votos.<\/p>\n<p>Mientras tanto, el l\u00edder de la oposici\u00f3n, <strong>Henrique Capriles, espera una decisi\u00f3n del Consejo Nacional Electoral<\/strong> (CNE) sobre el recurso que present\u00f3 ayer, pidiendo un <strong>recuento de votos bas\u00e1ndose en denuncias de irregularidades.<\/strong><\/p>\n<p>Por su parte, el <strong>Tribunal Supremo de Justicia<\/strong> <strong>(TSJ) -\u00f3rgano que la oposici\u00f3n considera parcializado a favor del gobierno- descart\u00f3 un recuento manual de sufragios,<\/strong> argumentando que el sistema de votaci\u00f3n en Venezuela es totalmente automatizado.<\/p>\n<p>Maduro, luego de haberse opuesto a los reclamos de Capriles, dijo ayer que<strong> acatar\u00e1<\/strong> <em>total y plenamente<\/em>\u009d<strong> la decisi\u00f3n que tome el CNE<\/strong> con respecto a la solicitud de revisi\u00f3n de los resultados de los comicios que la oposici\u00f3n dio ayer al ente.<\/p>\n<p><em>Lo que el poder electoral decida en torno a la solicitud que haga la oposici\u00f3n venezolana, nosotros lo apoyaremos total y plenamente, porque ellos son la autoridad para toda la materia electoral del pa\u00eds<\/em>\u009d, se\u00f1al\u00f3 Maduro.<\/p>\n<div id=\"attachment_111598\" style=\"width: 466px\" class=\"wp-caption aligncenter\"><img aria-describedby=\"caption-attachment-111598\" loading=\"lazy\" class=\"size-full wp-image-111598\" title=\"Desde el Palacio de Miraflores, Nicol\u00e1s Maduro: &quot;Yo estar\u00e9 de acuerdo con la decisi\u00f3n del CNE&quot;\" src=\"http:\/\/media.ecuadortimes.net\/2013\/04\/nicolas_maduro_sera_posesionado_l1.jpg\" alt=\"Desde el Palacio de Miraflores, Nicol\u00e1s Maduro: &quot;Yo estar\u00e9 de acuerdo con la decisi\u00f3n del CNE&quot;\" width=\"456\" height=\"322\" \/><p id=\"caption-attachment-111598\" class=\"wp-caption-text\">Desde el Palacio de Miraflores, Nicol\u00e1s Maduro: &#8220;Yo estar\u00e9 de acuerdo con la decisi\u00f3n del CNE&#8221;<\/p><\/div>\n<p><strong>Ecuador participar\u00e1 en la posesi\u00f3n de Maduro<\/strong><\/p>\n<p>Seg\u00fan el canciller subrogante, <strong>Marco Albuja,<\/strong> el presidente encargado de Ecuador, <strong>Lenin Moreno,<\/strong> <strong>asistir\u00e1 ma\u00f1ana a Caracas a la toma de posesi\u00f3n de Maduro.<\/strong><\/p>\n<p><strong>Rafael Correa y su canciller Ricardo Pati\u00f1o no podr\u00e1n asistir<\/strong> ya que cumplen una <strong>gira por Europa y luego por Am\u00e9rica Latina<\/strong> hasta el pr\u00f3ximo martes.<\/p>\n","protected":false},"excerpt":{"rendered":"<p>Luego de varios d\u00edas de tensi\u00f3n en Venezuela, tras las elecciones re\u00f1idas del pasado domingo, el presidente electo Nicol\u00e1s Maduro se prepara para su toma de posesi\u00f3n de este viernes, la que se efectuar\u00e1 ante varios jefes de Estado extranjeros, a pesar de reclamos de la oposici\u00f3n, que pide un reconteo de votos. Mientras tanto, el l\u00edder de la oposici\u00f3n, Henrique Capriles, espera una decisi\u00f3n del Consejo Nacional Electoral (CNE) sobre el recurso que present\u00f3 ayer, pidiendo un recuento de votos bas\u00e1ndose en denuncias de irregularidades. Por su parte, el Tribunal Supremo de Justicia (TSJ) -\u00f3rgano que la oposici\u00f3n considera parcializado a favor del gobierno- descart\u00f3 un recuento manual de sufragios, argumentando que el sistema de votaci\u00f3n en Venezuela es totalmente automatizado. Maduro, luego de haberse opuesto a los reclamos de Capriles, dijo ayer que acatar\u00e1 total y plenamente\u009d la decisi\u00f3n que tome el CNE con respecto a la solicitud de revisi\u00f3n de los resultados de los comicios que la oposici\u00f3n dio ayer al ente. Lo que el poder electoral decida en torno a la solicitud que haga la oposici\u00f3n venezolana, nosotros lo apoyaremos total y plenamente, porque ellos son la autoridad para toda la materia electoral del pa\u00eds\u009d, se\u00f1al\u00f3 Maduro. Ecuador participar\u00e1 en la posesi\u00f3n de Maduro Seg\u00fan el canciller subrogante, Marco Albuja, el presidente encargado de Ecuador, Lenin Moreno, asistir\u00e1 ma\u00f1ana a Caracas a la toma de posesi\u00f3n de Maduro. Rafael Correa y su canciller Ricardo Pati\u00f1o no podr\u00e1n asistir ya que cumplen una gira por Europa y luego por Am\u00e9rica Latina hasta el pr\u00f3ximo martes.<\/p>\n","protected":false},"author":1,"featured_media":217952,"comment_status":"open","ping_status":"open","sticky":false,"template":"","format":"standard","meta":[],"categories":[34,37],"tags":[],"_links":{"self":[{"href":"https:\/\/www.ecuadortimes.net\/es\/wp-json\/wp\/v2\/posts\/217951"}],"collection":[{"href":"https:\/\/www.ecuadortimes.net\/es\/wp-json\/wp\/v2\/posts"}],"about":[{"href":"https:\/\/www.ecuadortimes.net\/es\/wp-json\/wp\/v2\/types\/post"}],"author":[{"embeddable":true,"href":"https:\/\/www.ecuadortimes.net\/es\/wp-json\/wp\/v2\/users\/1"}],"replies":[{"embeddable":true,"href":"https:\/\/www.ecuadortimes.net\/es\/wp-json\/wp\/v2\/comments?post=217951"}],"version-history":[{"count":0,"href":"https:\/\/www.ecuadortimes.net\/es\/wp-json\/wp\/v2\/posts\/217951\/revisions"}],"wp:featuredmedia":[{"embeddable":true,"href":"https:\/\/www.ecuadortimes.net\/es\/wp-json\/wp\/v2\/media\/217952"}],"wp:attachment":[{"href":"https:\/\/www.ecuadortimes.net\/es\/wp-json\/wp\/v2\/media?parent=217951"}],"wp:term":[{"taxonomy":"category","embeddable":true,"href":"https:\/\/www.ecuadortimes.net\/es\/wp-json\/wp\/v2\/categories?post=217951"},{"taxonomy":"post_tag","embeddable":true,"href":"https:\/\/www.ecuadortimes.net\/es\/wp-json\/wp\/v2\/tags?post=217951"}],"curies":[{"name":"wp","href":"https:\/\/api.w.org\/{rel}","templated":true}]}}