{"id":219318,"date":"2013-06-22T00:00:00","date_gmt":"2013-06-22T00:00:00","guid":{"rendered":"https:\/\/www.ecuadortimes.net\/es\/el-mundo-andino-celebra-al-sol\/"},"modified":"2013-06-22T00:00:00","modified_gmt":"2013-06-22T00:00:00","slug":"el-mundo-andino-celebra-al-sol","status":"publish","type":"post","link":"https:\/\/www.ecuadortimes.net\/es\/el-mundo-andino-celebra-al-sol\/","title":{"rendered":"El mundo andino celebra al Sol"},"content":{"rendered":"<p><a href=\"http:\/\/www.ecuadortimes.net\/es\/2013\/06\/22\/el-mundo-andino-celebra-al-sol\/celebracion-3\/\" rel=\"attachment wp-att-119063\"><img loading=\"lazy\" class=\"size-full wp-image-119063 alignleft\" title=\"celebracion\" src=\"http:\/\/media.ecuadortimes.net\/2013\/06\/celebracion.gif\" alt=\"\" width=\"340\" height=\"256\" \/><\/a><strong>Comunidades como Cotacachi, Otavalo, Cayambe, Salasaca, Ca\u00f1ar y muchas otras de la regi\u00f3n interandina de Ecuador y Am\u00e9rica, iniciaron el Inti Raymi o Fiesta del Sol que finaliza ma\u00f1ana.<\/strong><\/p>\n<p>Con rituales, danzas, c\u00e1nticos y m\u00fasica, las comunidades agradecen al sol y a las cosechas. La fiesta, adem\u00e1s, es un importante atractivo tur\u00edstico que moviliza recursos y genera fuentes de ingreso en las localizaciones de celebraci\u00f3n.<\/p>\n<p>Los sitios m\u00e1s visitados son el Complejo Arqueol\u00f3gico de la Plaza de Guantug y en el cerro Narr\u00edo, ambos en el cant\u00f3n Ca\u00f1ar, donde el referente del festejo es el ma\u00edz. En el complejo de Ingapirca predomina la presentaci\u00f3n de grupos nacionales e internacionales.<\/p>\n<p><strong>En Cotacachi, Imbabura, hay danzas ancestrales; En Salasaca, Tungurahua, el ritual incluye comida, especialmente granos, que luego del acto la comparten entre todos.<\/strong><\/p>\n<p>Esta ma\u00f1ana, en la laguna Cuicocha se realiza el ba\u00f1o ritual como parte de las costumbres ancestrales; y en Salasaca, esta noche ser\u00e1 la elecci\u00f3n y coronaci\u00f3n de la \u00f1usta (reina) de la parroquia.<\/p>\n","protected":false},"excerpt":{"rendered":"<p>Comunidades como Cotacachi, Otavalo, Cayambe, Salasaca, Ca\u00f1ar y muchas otras de la regi\u00f3n interandina de Ecuador y Am\u00e9rica, iniciaron el Inti Raymi o Fiesta del Sol que finaliza ma\u00f1ana. Con rituales, danzas, c\u00e1nticos y m\u00fasica, las comunidades agradecen al sol y a las cosechas. La fiesta, adem\u00e1s, es un importante atractivo tur\u00edstico que moviliza recursos y genera fuentes de ingreso en las localizaciones de celebraci\u00f3n. Los sitios m\u00e1s visitados son el Complejo Arqueol\u00f3gico de la Plaza de Guantug y en el cerro Narr\u00edo, ambos en el cant\u00f3n Ca\u00f1ar, donde el referente del festejo es el ma\u00edz. En el complejo de Ingapirca predomina la presentaci\u00f3n de grupos nacionales e internacionales. En Cotacachi, Imbabura, hay danzas ancestrales; En Salasaca, Tungurahua, el ritual incluye comida, especialmente granos, que luego del acto la comparten entre todos. Esta ma\u00f1ana, en la laguna Cuicocha se realiza el ba\u00f1o ritual como parte de las costumbres ancestrales; y en Salasaca, esta noche ser\u00e1 la elecci\u00f3n y coronaci\u00f3n de la \u00f1usta (reina) de la parroquia.<\/p>\n","protected":false},"author":1,"featured_media":219319,"comment_status":"open","ping_status":"open","sticky":false,"template":"","format":"standard","meta":[],"categories":[32,41,37],"tags":[],"_links":{"self":[{"href":"https:\/\/www.ecuadortimes.net\/es\/wp-json\/wp\/v2\/posts\/219318"}],"collection":[{"href":"https:\/\/www.ecuadortimes.net\/es\/wp-json\/wp\/v2\/posts"}],"about":[{"href":"https:\/\/www.ecuadortimes.net\/es\/wp-json\/wp\/v2\/types\/post"}],"author":[{"embeddable":true,"href":"https:\/\/www.ecuadortimes.net\/es\/wp-json\/wp\/v2\/users\/1"}],"replies":[{"embeddable":true,"href":"https:\/\/www.ecuadortimes.net\/es\/wp-json\/wp\/v2\/comments?post=219318"}],"version-history":[{"count":0,"href":"https:\/\/www.ecuadortimes.net\/es\/wp-json\/wp\/v2\/posts\/219318\/revisions"}],"wp:featuredmedia":[{"embeddable":true,"href":"https:\/\/www.ecuadortimes.net\/es\/wp-json\/wp\/v2\/media\/219319"}],"wp:attachment":[{"href":"https:\/\/www.ecuadortimes.net\/es\/wp-json\/wp\/v2\/media?parent=219318"}],"wp:term":[{"taxonomy":"category","embeddable":true,"href":"https:\/\/www.ecuadortimes.net\/es\/wp-json\/wp\/v2\/categories?post=219318"},{"taxonomy":"post_tag","embeddable":true,"href":"https:\/\/www.ecuadortimes.net\/es\/wp-json\/wp\/v2\/tags?post=219318"}],"curies":[{"name":"wp","href":"https:\/\/api.w.org\/{rel}","templated":true}]}}