{"id":219320,"date":"2013-06-22T00:00:00","date_gmt":"2013-06-22T00:00:00","guid":{"rendered":"https:\/\/www.ecuadortimes.net\/es\/protestas-en-brasil-sin-cabezas-visibles\/"},"modified":"2013-06-22T00:00:00","modified_gmt":"2013-06-22T00:00:00","slug":"protestas-en-brasil-sin-cabezas-visibles","status":"publish","type":"post","link":"https:\/\/www.ecuadortimes.net\/es\/protestas-en-brasil-sin-cabezas-visibles\/","title":{"rendered":"Protestas en Brasil sin cabezas visibles"},"content":{"rendered":"<p><a href=\"http:\/\/www.ecuadortimes.net\/es\/2013\/06\/22\/protestas-en-brasil-sin-cabezas-visibles\/untitled-14\/\" rel=\"attachment wp-att-119069\"><img loading=\"lazy\" class=\"size-full wp-image-119069 alignleft\" title=\"Untitled-14\" src=\"http:\/\/media.ecuadortimes.net\/2013\/06\/Untitled-141.jpg\" alt=\"\" width=\"340\" height=\"256\" \/><\/a><strong>Anoche baj\u00f3 el ritmo de las autoconvocadas manifestaciones callejeras en las principales ciudades brasile\u00f1as,<\/strong> pero pocos son los l\u00edderes y confusos los motivos; aunque la coyuntura fue la subida del costo del transporte p\u00fablico y las altas inversiones en obras relacionadas con el mundial de f\u00fatbol 2014 frente a descuidados problemas de servicios.<\/p>\n<p>Con ese balance,<strong> los brasile\u00f1os se esforzaban ayer por comprender las protestas contra el gobierno que sacuden al pa\u00eds<\/strong> luego de que un mill\u00f3n de manifestantes salieron a las calles la noche del pasado jueves en decenas de ciudades, algunos enfrent\u00e1ndose con polic\u00edas y da\u00f1ando escaparates de tiendas y edificios gubernamentales.<\/p>\n<p>La presidenta Dilma Rousseff se reuni\u00f3 con el ministro de Justicia brasile\u00f1o y dijo estar dispuesta a recibir a los l\u00edderes de movimientos que en los \u00faltimos d\u00edas han convocado las protestas y reiter\u00f3 su en\u00e9rgica condena a la violencia\u009d.<\/p>\n<p>El grupo detr\u00e1s de la reversi\u00f3n del aumento en las tarifas del transporte, el Movimiento Pase Libre, dijo ayer que no convocar\u00eda m\u00e1s protestas.<\/p>\n<p>Las protestas ya cobraron las vidas de un joven que fue atropellado y de una mujer que trabajaba como barrendera, en la ciudad de Bel\u00e9n, y que sufri\u00f3 un ataque cardiaco a causa del gas lacrim\u00f3geno. Hay varios heridos y decenas de detenidos.<\/p>\n<p>Las manifestaciones han causado serios da\u00f1os en las ciudades y saqueos callejeros y una enorme verg\u00fcenza a Brasil, que organiza junto a la FIFA la Copa Confederaciones de F\u00fatbol desde la semana pasada y que es precisamente una prueba del mundial del pr\u00f3ximo a\u00f1o.<\/p>\n","protected":false},"excerpt":{"rendered":"<p>Anoche baj\u00f3 el ritmo de las autoconvocadas manifestaciones callejeras en las principales ciudades brasile\u00f1as, pero pocos son los l\u00edderes y confusos los motivos; aunque la coyuntura fue la subida del costo del transporte p\u00fablico y las altas inversiones en obras relacionadas con el mundial de f\u00fatbol 2014 frente a descuidados problemas de servicios. Con ese balance, los brasile\u00f1os se esforzaban ayer por comprender las protestas contra el gobierno que sacuden al pa\u00eds luego de que un mill\u00f3n de manifestantes salieron a las calles la noche del pasado jueves en decenas de ciudades, algunos enfrent\u00e1ndose con polic\u00edas y da\u00f1ando escaparates de tiendas y edificios gubernamentales. La presidenta Dilma Rousseff se reuni\u00f3 con el ministro de Justicia brasile\u00f1o y dijo estar dispuesta a recibir a los l\u00edderes de movimientos que en los \u00faltimos d\u00edas han convocado las protestas y reiter\u00f3 su en\u00e9rgica condena a la violencia\u009d. El grupo detr\u00e1s de la reversi\u00f3n del aumento en las tarifas del transporte, el Movimiento Pase Libre, dijo ayer que no convocar\u00eda m\u00e1s protestas. Las protestas ya cobraron las vidas de un joven que fue atropellado y de una mujer que trabajaba como barrendera, en la ciudad de Bel\u00e9n, y que sufri\u00f3 un ataque cardiaco a causa del gas lacrim\u00f3geno. Hay varios heridos y decenas de detenidos. Las manifestaciones han causado serios da\u00f1os en las ciudades y saqueos callejeros y una enorme verg\u00fcenza a Brasil, que organiza junto a la FIFA la Copa Confederaciones de F\u00fatbol desde la semana pasada y que es precisamente una prueba del mundial del pr\u00f3ximo a\u00f1o.<\/p>\n","protected":false},"author":1,"featured_media":219321,"comment_status":"open","ping_status":"open","sticky":false,"template":"","format":"standard","meta":[],"categories":[36,37],"tags":[],"_links":{"self":[{"href":"https:\/\/www.ecuadortimes.net\/es\/wp-json\/wp\/v2\/posts\/219320"}],"collection":[{"href":"https:\/\/www.ecuadortimes.net\/es\/wp-json\/wp\/v2\/posts"}],"about":[{"href":"https:\/\/www.ecuadortimes.net\/es\/wp-json\/wp\/v2\/types\/post"}],"author":[{"embeddable":true,"href":"https:\/\/www.ecuadortimes.net\/es\/wp-json\/wp\/v2\/users\/1"}],"replies":[{"embeddable":true,"href":"https:\/\/www.ecuadortimes.net\/es\/wp-json\/wp\/v2\/comments?post=219320"}],"version-history":[{"count":0,"href":"https:\/\/www.ecuadortimes.net\/es\/wp-json\/wp\/v2\/posts\/219320\/revisions"}],"wp:featuredmedia":[{"embeddable":true,"href":"https:\/\/www.ecuadortimes.net\/es\/wp-json\/wp\/v2\/media\/219321"}],"wp:attachment":[{"href":"https:\/\/www.ecuadortimes.net\/es\/wp-json\/wp\/v2\/media?parent=219320"}],"wp:term":[{"taxonomy":"category","embeddable":true,"href":"https:\/\/www.ecuadortimes.net\/es\/wp-json\/wp\/v2\/categories?post=219320"},{"taxonomy":"post_tag","embeddable":true,"href":"https:\/\/www.ecuadortimes.net\/es\/wp-json\/wp\/v2\/tags?post=219320"}],"curies":[{"name":"wp","href":"https:\/\/api.w.org\/{rel}","templated":true}]}}