{"id":219326,"date":"2013-06-23T00:00:00","date_gmt":"2013-06-23T00:00:00","guid":{"rendered":"https:\/\/www.ecuadortimes.net\/es\/liga-de-quito-gano-y-es-segundo\/"},"modified":"2013-06-23T00:00:00","modified_gmt":"2013-06-23T00:00:00","slug":"liga-de-quito-gano-y-es-segundo","status":"publish","type":"post","link":"https:\/\/www.ecuadortimes.net\/es\/liga-de-quito-gano-y-es-segundo\/","title":{"rendered":"Liga de Quito gan\u00f3 y es segundo"},"content":{"rendered":"<p><a href=\"http:\/\/www.ecuadortimes.net\/es\/2013\/06\/23\/liga-de-quito-gano-y-es-segundo\/ligaquito\/\" rel=\"attachment wp-att-119107\"><img loading=\"lazy\" class=\"alignleft size-full wp-image-119107\" title=\"ligaquito\" src=\"http:\/\/media.ecuadortimes.net\/2013\/06\/ligaquito.gif\" alt=\"\" width=\"340\" height=\"256\" \/><\/a><strong>El equipo universitario se ubic\u00f3 en el segundo lugar la tabla de posiciones, tras imponerse 1-0 ante El Nacional, en el estadio Casa Blanca,<\/strong> por la vig\u00e9sima fecha de la primera etapa del campeonato ecuatoriano de f\u00fatbol.<\/p>\n<p>\u00c3\u0089dison M\u00e9ndez anot\u00f3 el gol a los 26 minutos con el cual Liga igual\u00f3 con 38 puntos al l\u00edder Emelec, que hoy juega de visita con el Deportivo Cuenca.<\/p>\n<p><strong>El mi\u00e9rcoles, los blancos se reciben al Cuenca, mientras que en el estadio George Capwell, Emelec se mide ante la U. Cat\u00f3lica.<\/strong><\/p>\n<p>Independiente Jos\u00e9 Ter\u00e1n fren\u00f3 la campa\u00f1a del Deportivo Quito por retomar el liderato del torneo y con un triunfo 2-0, el viernes, se meti\u00f3 en la pelea por la punta al llegar a 36 unidades. Ayer tambi\u00e9n Universidad Cat\u00f3lica venci\u00f3 2 a 0 a Quevedo y la antepen\u00faltima fecha se completa con los encuentros entre Barcelona y Liga de Loja, en el Monumental; y Macar\u00e1 con Manta, en Ambato.<\/p>\n<p>En el f\u00fatbol internacional, en Brasil se desarrolla la copa Confederaciones. Ayer los due\u00f1os de casa vencieron 4 a 2 a Italia y clasificaron primero a la semifinal; Italia fue segundo y M\u00e9xico y Jap\u00f3n quedaron eliminados, pese a que M\u00e9xico gan\u00f3 2 a 1 en el \u00faltimo partido del grupo A.<\/p>\n<p>En el grupo B hoy se enfrentan Espa\u00f1a, ya clasificado, con Nigeria y Uruguay con Tahit\u00ed, el mas d\u00e9bil del torneo, y si los charr\u00faas ganan pasar\u00e1n a semis.<\/p>\n","protected":false},"excerpt":{"rendered":"<p>El equipo universitario se ubic\u00f3 en el segundo lugar la tabla de posiciones, tras imponerse 1-0 ante El Nacional, en el estadio Casa Blanca, por la vig\u00e9sima fecha de la primera etapa del campeonato ecuatoriano de f\u00fatbol. \u00c3\u0089dison M\u00e9ndez anot\u00f3 el gol a los 26 minutos con el cual Liga igual\u00f3 con 38 puntos al l\u00edder Emelec, que hoy juega de visita con el Deportivo Cuenca. El mi\u00e9rcoles, los blancos se reciben al Cuenca, mientras que en el estadio George Capwell, Emelec se mide ante la U. Cat\u00f3lica. Independiente Jos\u00e9 Ter\u00e1n fren\u00f3 la campa\u00f1a del Deportivo Quito por retomar el liderato del torneo y con un triunfo 2-0, el viernes, se meti\u00f3 en la pelea por la punta al llegar a 36 unidades. Ayer tambi\u00e9n Universidad Cat\u00f3lica venci\u00f3 2 a 0 a Quevedo y la antepen\u00faltima fecha se completa con los encuentros entre Barcelona y Liga de Loja, en el Monumental; y Macar\u00e1 con Manta, en Ambato. En el f\u00fatbol internacional, en Brasil se desarrolla la copa Confederaciones. Ayer los due\u00f1os de casa vencieron 4 a 2 a Italia y clasificaron primero a la semifinal; Italia fue segundo y M\u00e9xico y Jap\u00f3n quedaron eliminados, pese a que M\u00e9xico gan\u00f3 2 a 1 en el \u00faltimo partido del grupo A. En el grupo B hoy se enfrentan Espa\u00f1a, ya clasificado, con Nigeria y Uruguay con Tahit\u00ed, el mas d\u00e9bil del torneo, y si los charr\u00faas ganan pasar\u00e1n a semis.<\/p>\n","protected":false},"author":1,"featured_media":219327,"comment_status":"open","ping_status":"open","sticky":false,"template":"","format":"standard","meta":[],"categories":[38,37],"tags":[],"_links":{"self":[{"href":"https:\/\/www.ecuadortimes.net\/es\/wp-json\/wp\/v2\/posts\/219326"}],"collection":[{"href":"https:\/\/www.ecuadortimes.net\/es\/wp-json\/wp\/v2\/posts"}],"about":[{"href":"https:\/\/www.ecuadortimes.net\/es\/wp-json\/wp\/v2\/types\/post"}],"author":[{"embeddable":true,"href":"https:\/\/www.ecuadortimes.net\/es\/wp-json\/wp\/v2\/users\/1"}],"replies":[{"embeddable":true,"href":"https:\/\/www.ecuadortimes.net\/es\/wp-json\/wp\/v2\/comments?post=219326"}],"version-history":[{"count":0,"href":"https:\/\/www.ecuadortimes.net\/es\/wp-json\/wp\/v2\/posts\/219326\/revisions"}],"wp:featuredmedia":[{"embeddable":true,"href":"https:\/\/www.ecuadortimes.net\/es\/wp-json\/wp\/v2\/media\/219327"}],"wp:attachment":[{"href":"https:\/\/www.ecuadortimes.net\/es\/wp-json\/wp\/v2\/media?parent=219326"}],"wp:term":[{"taxonomy":"category","embeddable":true,"href":"https:\/\/www.ecuadortimes.net\/es\/wp-json\/wp\/v2\/categories?post=219326"},{"taxonomy":"post_tag","embeddable":true,"href":"https:\/\/www.ecuadortimes.net\/es\/wp-json\/wp\/v2\/tags?post=219326"}],"curies":[{"name":"wp","href":"https:\/\/api.w.org\/{rel}","templated":true}]}}