{"id":219328,"date":"2013-06-23T00:00:00","date_gmt":"2013-06-23T00:00:00","guid":{"rendered":"https:\/\/www.ecuadortimes.net\/es\/guillermo-lasso-reaparecio-ante-el-publico\/"},"modified":"2013-06-23T00:00:00","modified_gmt":"2013-06-23T00:00:00","slug":"guillermo-lasso-reaparecio-ante-el-publico","status":"publish","type":"post","link":"https:\/\/www.ecuadortimes.net\/es\/guillermo-lasso-reaparecio-ante-el-publico\/","title":{"rendered":"Guillermo Lasso reapareci\u00f3 ante el p\u00fablico"},"content":{"rendered":"<div id=\"attachment_119112\" style=\"width: 350px\" class=\"wp-caption alignleft\"><a href=\"http:\/\/www.ecuadortimes.net\/es\/2013\/06\/23\/guillermo-lasso-reaparecio-ante-el-publico\/lasso-40\/\" rel=\"attachment wp-att-119112\"><img aria-describedby=\"caption-attachment-119112\" loading=\"lazy\" class=\"size-full wp-image-119112\" title=\"Guillermo Lasso\" src=\"http:\/\/media.ecuadortimes.net\/2013\/06\/lasso.gif\" alt=\"Guillermo Lasso\" width=\"340\" height=\"256\" \/><\/a><p id=\"caption-attachment-119112\" class=\"wp-caption-text\">Guillermo Lasso<\/p><\/div>\n<p><strong>El l\u00edder del Movimiento Creando Oportunidades (Creo) reapareci\u00f3 ante la opini\u00f3n p\u00fablica, luego de tres meses de ausencia y tras aceptar su derrota electoral por la presidencia.<\/strong><\/p>\n<p>Lasso lider\u00f3 ayer en el Hotel Palace, de Guayaquil, un taller sobre estrategias electorales ante los comicios seccionales del 2014 ante unos treinta l\u00edderes provinciales de Creo.<\/p>\n<p><strong>C\u00e9sar Monge, Mae Monta\u00f1o, Patricio Donoso, Wilson Chicaiza, Diego Salgado, Ramiro Tenelema, Ricardo Moncayo, Miguel Moreta y Luis Fernando Torres estuvieron entre los asistentes.<\/strong><\/p>\n<p>&#8220;La pol\u00edtica se hace desde el fortalecimiento de los movimientos pol\u00edticos, la red territorial y sus l\u00edderes &#8220;, indic\u00f3 Lasso, quien a\u00f1adi\u00f3 que &#8220;en Guayaquil ya tenemos alcalde, tenemos a Jaime Nebot. Esa es mi opini\u00f3n&#8221;.<\/p>\n<p>Sobre la reciente aprobada Ley de Comunicaci\u00f3n dijo &#8220;m\u00e1s que lo que est\u00e1 escrito en la Ley, lo que me preocupa es lo que no est\u00e1 en ese texto legislativo&#8221;.<\/p>\n","protected":false},"excerpt":{"rendered":"<p>El l\u00edder del Movimiento Creando Oportunidades (Creo) reapareci\u00f3 ante la opini\u00f3n p\u00fablica, luego de tres meses de ausencia y tras aceptar su derrota electoral por la presidencia. Lasso lider\u00f3 ayer en el Hotel Palace, de Guayaquil, un taller sobre estrategias electorales ante los comicios seccionales del 2014 ante unos treinta l\u00edderes provinciales de Creo. C\u00e9sar Monge, Mae Monta\u00f1o, Patricio Donoso, Wilson Chicaiza, Diego Salgado, Ramiro Tenelema, Ricardo Moncayo, Miguel Moreta y Luis Fernando Torres estuvieron entre los asistentes. &#8220;La pol\u00edtica se hace desde el fortalecimiento de los movimientos pol\u00edticos, la red territorial y sus l\u00edderes &#8220;, indic\u00f3 Lasso, quien a\u00f1adi\u00f3 que &#8220;en Guayaquil ya tenemos alcalde, tenemos a Jaime Nebot. Esa es mi opini\u00f3n&#8221;. Sobre la reciente aprobada Ley de Comunicaci\u00f3n dijo &#8220;m\u00e1s que lo que est\u00e1 escrito en la Ley, lo que me preocupa es lo que no est\u00e1 en ese texto legislativo&#8221;.<\/p>\n","protected":false},"author":1,"featured_media":219329,"comment_status":"open","ping_status":"open","sticky":false,"template":"","format":"standard","meta":[],"categories":[40,37],"tags":[],"_links":{"self":[{"href":"https:\/\/www.ecuadortimes.net\/es\/wp-json\/wp\/v2\/posts\/219328"}],"collection":[{"href":"https:\/\/www.ecuadortimes.net\/es\/wp-json\/wp\/v2\/posts"}],"about":[{"href":"https:\/\/www.ecuadortimes.net\/es\/wp-json\/wp\/v2\/types\/post"}],"author":[{"embeddable":true,"href":"https:\/\/www.ecuadortimes.net\/es\/wp-json\/wp\/v2\/users\/1"}],"replies":[{"embeddable":true,"href":"https:\/\/www.ecuadortimes.net\/es\/wp-json\/wp\/v2\/comments?post=219328"}],"version-history":[{"count":0,"href":"https:\/\/www.ecuadortimes.net\/es\/wp-json\/wp\/v2\/posts\/219328\/revisions"}],"wp:featuredmedia":[{"embeddable":true,"href":"https:\/\/www.ecuadortimes.net\/es\/wp-json\/wp\/v2\/media\/219329"}],"wp:attachment":[{"href":"https:\/\/www.ecuadortimes.net\/es\/wp-json\/wp\/v2\/media?parent=219328"}],"wp:term":[{"taxonomy":"category","embeddable":true,"href":"https:\/\/www.ecuadortimes.net\/es\/wp-json\/wp\/v2\/categories?post=219328"},{"taxonomy":"post_tag","embeddable":true,"href":"https:\/\/www.ecuadortimes.net\/es\/wp-json\/wp\/v2\/tags?post=219328"}],"curies":[{"name":"wp","href":"https:\/\/api.w.org\/{rel}","templated":true}]}}