{"id":219333,"date":"2013-06-21T00:00:00","date_gmt":"2013-06-21T00:00:00","guid":{"rendered":"https:\/\/www.ecuadortimes.net\/es\/papa-francisco-lider-de-la-revolucion-de-la-iglesia-catolica\/"},"modified":"2013-06-21T00:00:00","modified_gmt":"2013-06-21T00:00:00","slug":"papa-francisco-lider-de-la-revolucion-de-la-iglesia-catolica","status":"publish","type":"post","link":"https:\/\/www.ecuadortimes.net\/es\/papa-francisco-lider-de-la-revolucion-de-la-iglesia-catolica\/","title":{"rendered":"Papa Francisco: L\u00edder de la revoluci\u00f3n de la Iglesia Cat\u00f3lica"},"content":{"rendered":"<p style=\"text-align: left;\"><img loading=\"lazy\" class=\"wp-image-119194 alignleft\" title=\"Papa-Francisco\" src=\"http:\/\/media.ecuadortimes.net\/2013\/06\/Papa-Francisco1.jpg\" alt=\"\" width=\"324\" height=\"244\" \/>Es el primer papa jesuita y latinoamericano de la historia. Jorge Bergoglio adopt\u00f3 el nombre de Francisco por su identificaci\u00f3n con San francisco de As\u00eds y su apostolado apunta a reformas profundas y pac\u00edficas para limpiar la imagen de una iglesia golpeada por terribles esc\u00e1ndalos.<\/p>\n<p>El excardenal de Buenos Aires, que asumi\u00f3 su cargo el 13 de marzo de\u00a0 2013, es ya la figura m\u00e1s popular de Italia, con un amplio margen de aceptaci\u00f3n dentro del catolicismo, tras despojarse de todo lujo y condenar la riqueza, las injusticias sociales y la falta de \u00e9tica.<\/p>\n<p>Los alimentos que se tiran a la basura son alimentos que se roban de la mesa del pobre\u009d, ha dicho ante sus fieles.<\/p>\n<p>La adoraci\u00f3n del becerro de oro ha hallado una nueva e insensible imagen en el culto del dinero y la dictadura de una econom\u00eda que no tiene rostro\u009d, reiter\u00f3 en otra ocaci\u00f3n.<\/p>\n<p>Su lucha es por recuperar la dignidad y la credibilidad de la Iglesia Cat\u00f3lica, asegura; y su gran carisma, sencillez y humildad han sido las armas para ganarse el cari\u00f1o de su seguidores. No por nada, tres meses despu\u00e9s de que Bergoglio asumiera el pontificado, logr\u00f3 triplicar el numero de seguidores de la cuenta de Twitter official de Papa, quien en la \u00e9poca de Benedicto contaba con 2 millones de seguidores y ahora con m\u00e1s de siete millones de tuiteros.<\/p>\n<p>Sus principales objetivos son ejecutar cambios profundos a nivel mundial en cuanto a aspectos econ\u00f3micos. posterior a la reuni\u00f3n del G8 en en Irlanda del Norte, el Obispo de Roma envi\u00f3 una misiva a los presidentes en el que les recordaba que su principal prioridad deber\u00eda ser la erradicaci\u00f3n de la pobreza.<\/p>\n<p>En estos primeros cien d\u00edas como pont\u00edfice, Bergoglio ha sabido voltear la p\u00e1gina, para convertir a una criticada, observada y mal vista Iglesia Universal, en un halo de esperanza y de cambio.<\/p>\n","protected":false},"excerpt":{"rendered":"<p>Es el primer papa jesuita y latinoamericano de la historia. Jorge Bergoglio adopt\u00f3 el nombre de Francisco por su identificaci\u00f3n con San francisco de As\u00eds y su apostolado apunta a reformas profundas y pac\u00edficas para limpiar la imagen de una iglesia golpeada por terribles esc\u00e1ndalos. El excardenal de Buenos Aires, que asumi\u00f3 su cargo el 13 de marzo de\u00a0 2013, es ya la figura m\u00e1s popular de Italia, con un amplio margen de aceptaci\u00f3n dentro del catolicismo, tras despojarse de todo lujo y condenar la riqueza, las injusticias sociales y la falta de \u00e9tica. Los alimentos que se tiran a la basura son alimentos que se roban de la mesa del pobre\u009d, ha dicho ante sus fieles. La adoraci\u00f3n del becerro de oro ha hallado una nueva e insensible imagen en el culto del dinero y la dictadura de una econom\u00eda que no tiene rostro\u009d, reiter\u00f3 en otra ocaci\u00f3n. Su lucha es por recuperar la dignidad y la credibilidad de la Iglesia Cat\u00f3lica, asegura; y su gran carisma, sencillez y humildad han sido las armas para ganarse el cari\u00f1o de su seguidores. No por nada, tres meses despu\u00e9s de que Bergoglio asumiera el pontificado, logr\u00f3 triplicar el numero de seguidores de la cuenta de Twitter official de Papa, quien en la \u00e9poca de Benedicto contaba con 2 millones de seguidores y ahora con m\u00e1s de siete millones de tuiteros. Sus principales objetivos son ejecutar cambios profundos a nivel mundial en cuanto a aspectos econ\u00f3micos. posterior a la reuni\u00f3n del G8 en en Irlanda del Norte, el Obispo de Roma envi\u00f3 una misiva a los presidentes en el que les recordaba que su principal prioridad deber\u00eda ser la erradicaci\u00f3n de la pobreza. En estos primeros cien d\u00edas como pont\u00edfice, Bergoglio ha sabido voltear la p\u00e1gina, para convertir a una criticada, observada y mal vista Iglesia Universal, en un halo de esperanza y de cambio.<\/p>\n","protected":false},"author":1,"featured_media":219334,"comment_status":"open","ping_status":"open","sticky":false,"template":"","format":"standard","meta":[],"categories":[36,37],"tags":[],"_links":{"self":[{"href":"https:\/\/www.ecuadortimes.net\/es\/wp-json\/wp\/v2\/posts\/219333"}],"collection":[{"href":"https:\/\/www.ecuadortimes.net\/es\/wp-json\/wp\/v2\/posts"}],"about":[{"href":"https:\/\/www.ecuadortimes.net\/es\/wp-json\/wp\/v2\/types\/post"}],"author":[{"embeddable":true,"href":"https:\/\/www.ecuadortimes.net\/es\/wp-json\/wp\/v2\/users\/1"}],"replies":[{"embeddable":true,"href":"https:\/\/www.ecuadortimes.net\/es\/wp-json\/wp\/v2\/comments?post=219333"}],"version-history":[{"count":0,"href":"https:\/\/www.ecuadortimes.net\/es\/wp-json\/wp\/v2\/posts\/219333\/revisions"}],"wp:featuredmedia":[{"embeddable":true,"href":"https:\/\/www.ecuadortimes.net\/es\/wp-json\/wp\/v2\/media\/219334"}],"wp:attachment":[{"href":"https:\/\/www.ecuadortimes.net\/es\/wp-json\/wp\/v2\/media?parent=219333"}],"wp:term":[{"taxonomy":"category","embeddable":true,"href":"https:\/\/www.ecuadortimes.net\/es\/wp-json\/wp\/v2\/categories?post=219333"},{"taxonomy":"post_tag","embeddable":true,"href":"https:\/\/www.ecuadortimes.net\/es\/wp-json\/wp\/v2\/tags?post=219333"}],"curies":[{"name":"wp","href":"https:\/\/api.w.org\/{rel}","templated":true}]}}