{"id":219353,"date":"2013-06-24T00:00:00","date_gmt":"2013-06-24T00:00:00","guid":{"rendered":"https:\/\/www.ecuadortimes.net\/es\/8-200-familias-saldran-del-estero-salado\/"},"modified":"2013-06-24T00:00:00","modified_gmt":"2013-06-24T00:00:00","slug":"8-200-familias-saldran-del-estero-salado","status":"publish","type":"post","link":"https:\/\/www.ecuadortimes.net\/es\/8-200-familias-saldran-del-estero-salado\/","title":{"rendered":"8 200 familias saldr\u00e1n del estero Salado"},"content":{"rendered":"<p><strong>Una gran cantidad de familias, que tienen sus casas a orillas del estero Salado de Guayaquil, ser\u00e1 reubicada inminentemente,<\/strong> seg\u00fan lo anunci\u00f3 el pasado s\u00e1bado el presidente de la Rep\u00fablica, Rafael Correa, durante su enlace ciudadano habitual, como <strong>parte de la descontaminaci\u00f3n del estero,<\/strong> contemplado en el <strong>proyecto Guayaquil Ecol\u00f3gico.<\/strong><\/p>\n<div id=\"attachment_119277\" style=\"width: 510px\" class=\"wp-caption aligncenter\"><img aria-describedby=\"caption-attachment-119277\" loading=\"lazy\" class=\"size-full wp-image-119277\" title=\"Estero Salado. Miles de casas se encuentran ubicadas en las orillas del estero.\" src=\"http:\/\/media.ecuadortimes.net\/2013\/06\/familias-estero-salado-reubicadas-l11.jpg\" alt=\"Estero Salado. Miles de casas se encuentran ubicadas en las orillas del estero.\" width=\"500\" height=\"333\" \/><p id=\"caption-attachment-119277\" class=\"wp-caption-text\">Estero Salado. Miles de casas se encuentran ubicadas en las orillas del estero.<\/p><\/div>\n<div id=\"attachment_119278\" style=\"width: 510px\" class=\"wp-caption aligncenter\"><img aria-describedby=\"caption-attachment-119278\" loading=\"lazy\" class=\"size-full wp-image-119278\" title=\"Estero Salado. La gente viviendo en las orillas del estero se expone a la contaminaci\u00f3n.\" src=\"http:\/\/media.ecuadortimes.net\/2013\/06\/familias-estero-salado-reubicadas-l21.jpg\" alt=\"Estero Salado. La gente viviendo en las orillas del estero se expone a la contaminaci\u00f3n.\" width=\"500\" height=\"309\" \/><p id=\"caption-attachment-119278\" class=\"wp-caption-text\">Estero Salado. La gente viviendo en las orillas del estero se expone a la contaminaci\u00f3n.<\/p><\/div>\n<p>El mandatario asegur\u00f3 adem\u00e1s que<strong> en los sitios donde ser\u00e1n retiradas las viviendas se har\u00e1n senderos ecol\u00f3gicos.<\/strong> El proyecto <strong>tambi\u00e9n incluye la construcci\u00f3n del parque Samanes y puentes peatonales para conectar la ciudad con la isla Santay.<\/strong><\/p>\n<p>Correa espera que <strong>la descontaminaci\u00f3n completa del estero est\u00e9 lista en el 2017.<\/strong> En abril del 2017 cumplir\u00e9 54 a\u00f1os y por mi cumplea\u00f1os espero poderme ba\u00f1ar en el estero Salado\u009d, asegur\u00f3 Correa.<\/p>\n<p><strong>Otras medidas que explic\u00f3 Correa:<\/strong><\/p>\n<ul>\n<li>Algunas casas deterioradas, en el estero, tendr\u00e1n un apoyo para mejorar las fachadas y recibir\u00e1n bonos de mejoramiento de viviendas.<\/li>\n<li>Las industrias y f\u00e1bricas que est\u00e1n drenando las aguas servidas al estero deben cambiar su proceso para evitar la contaminaci\u00f3n.<\/li>\n<li>La colocaci\u00f3n de oxigenadores para evitar los gases y malos olores del estero.<\/li>\n<\/ul>\n","protected":false},"excerpt":{"rendered":"<p>Una gran cantidad de familias, que tienen sus casas a orillas del estero Salado de Guayaquil, ser\u00e1 reubicada inminentemente, seg\u00fan lo anunci\u00f3 el pasado s\u00e1bado el presidente de la Rep\u00fablica, Rafael Correa, durante su enlace ciudadano habitual, como parte de la descontaminaci\u00f3n del estero, contemplado en el proyecto Guayaquil Ecol\u00f3gico. El mandatario asegur\u00f3 adem\u00e1s que en los sitios donde ser\u00e1n retiradas las viviendas se har\u00e1n senderos ecol\u00f3gicos. El proyecto tambi\u00e9n incluye la construcci\u00f3n del parque Samanes y puentes peatonales para conectar la ciudad con la isla Santay. Correa espera que la descontaminaci\u00f3n completa del estero est\u00e9 lista en el 2017. En abril del 2017 cumplir\u00e9 54 a\u00f1os y por mi cumplea\u00f1os espero poderme ba\u00f1ar en el estero Salado\u009d, asegur\u00f3 Correa. Otras medidas que explic\u00f3 Correa: Algunas casas deterioradas, en el estero, tendr\u00e1n un apoyo para mejorar las fachadas y recibir\u00e1n bonos de mejoramiento de viviendas. Las industrias y f\u00e1bricas que est\u00e1n drenando las aguas servidas al estero deben cambiar su proceso para evitar la contaminaci\u00f3n. La colocaci\u00f3n de oxigenadores para evitar los gases y malos olores del estero.<\/p>\n","protected":false},"author":1,"featured_media":219354,"comment_status":"open","ping_status":"open","sticky":false,"template":"","format":"standard","meta":[],"categories":[41,37],"tags":[],"_links":{"self":[{"href":"https:\/\/www.ecuadortimes.net\/es\/wp-json\/wp\/v2\/posts\/219353"}],"collection":[{"href":"https:\/\/www.ecuadortimes.net\/es\/wp-json\/wp\/v2\/posts"}],"about":[{"href":"https:\/\/www.ecuadortimes.net\/es\/wp-json\/wp\/v2\/types\/post"}],"author":[{"embeddable":true,"href":"https:\/\/www.ecuadortimes.net\/es\/wp-json\/wp\/v2\/users\/1"}],"replies":[{"embeddable":true,"href":"https:\/\/www.ecuadortimes.net\/es\/wp-json\/wp\/v2\/comments?post=219353"}],"version-history":[{"count":0,"href":"https:\/\/www.ecuadortimes.net\/es\/wp-json\/wp\/v2\/posts\/219353\/revisions"}],"wp:featuredmedia":[{"embeddable":true,"href":"https:\/\/www.ecuadortimes.net\/es\/wp-json\/wp\/v2\/media\/219354"}],"wp:attachment":[{"href":"https:\/\/www.ecuadortimes.net\/es\/wp-json\/wp\/v2\/media?parent=219353"}],"wp:term":[{"taxonomy":"category","embeddable":true,"href":"https:\/\/www.ecuadortimes.net\/es\/wp-json\/wp\/v2\/categories?post=219353"},{"taxonomy":"post_tag","embeddable":true,"href":"https:\/\/www.ecuadortimes.net\/es\/wp-json\/wp\/v2\/tags?post=219353"}],"curies":[{"name":"wp","href":"https:\/\/api.w.org\/{rel}","templated":true}]}}