{"id":219359,"date":"2013-06-24T00:00:00","date_gmt":"2013-06-24T00:00:00","guid":{"rendered":"https:\/\/www.ecuadortimes.net\/es\/sanciones-de-ley-de-comunicacion-preocupan-a-los-medios\/"},"modified":"2013-06-24T00:00:00","modified_gmt":"2013-06-24T00:00:00","slug":"sanciones-de-ley-de-comunicacion-preocupan-a-los-medios","status":"publish","type":"post","link":"https:\/\/www.ecuadortimes.net\/es\/sanciones-de-ley-de-comunicacion-preocupan-a-los-medios\/","title":{"rendered":"Sanciones de Ley de Comunicaci\u00f3n preocupan a los medios"},"content":{"rendered":"<p>La organizaci\u00f3n internacional <strong>Reporteros sin Fronteras lament\u00f3<\/strong> que no existan disposiciones que despenalicen los delitos de \u0098difamaci\u00f3n\u0099 e \u0098injuria\u0099\u009d, en l<strong>a nueva Ley de Comunicaci\u00f3n del Ecuador<\/strong> y, adem\u00e1s, <strong>cuestion\u00f3 la ambig\u00fcedad de otros art\u00edculos.<\/strong><\/p>\n<p><strong>Consideramos perjudicial<\/strong> un art\u00edculo que dispone <strong>que &#8216;todas las personas tienen derecho a que la informaci\u00f3n de relevancia p\u00fablica que reciben a trav\u00e9s de los medios de comunicaci\u00f3n sea verificada, contrastada, contextualizada y oportuna\u0099\u009d.<\/strong> Y se pregunta: <strong>\u00bfQu\u00e9 criterios permitir\u00e1n juzgar el valor de una informaci\u00f3n? \u00bfQu\u00e9 autoridad tendr\u00e1 esta competencia?\u009d.<\/strong><\/p>\n<p>Otro tema preocupante para los periodistas es el <strong>linchamiento medi\u00e1tico\u009d.<\/strong> La Ley se\u00f1ala que los comunicadores deber\u00e1n abstenerse de realizar pr\u00e1cticas de linchamiento medi\u00e1tico\u009d, es decir, <strong>difundir informaci\u00f3n concertada y reiterativa, de manera directa o por terceros,<\/strong> a trav\u00e9s de los medios de comunicaci\u00f3n <strong>destinada a desprestigiar a una persona natural o jur\u00eddica o reducir su credibilidad p\u00fablica\u009d.<\/strong><\/p>\n<p>La nueva ley, a la que se tendr\u00e1n que regir <strong>todos los medios de comunicaci\u00f3n,<\/strong> preocupa a los periodistas por ciertas normas que consideran ambiguas y que <strong>su incumplimiento podr\u00eda significar sanciones administrativas, civiles y penales.<\/strong><\/p>\n<div id=\"attachment_119301\" style=\"width: 510px\" class=\"wp-caption aligncenter\"><img aria-describedby=\"caption-attachment-119301\" loading=\"lazy\" class=\"size-full wp-image-119301\" title=\"El Presidente de la Rep\u00fablica, Rafael Correa, durante el informe semanal a la ciudadan\u00eda, firm\u00f3 el ejec\u00fatese a la Ley de Comunicaci\u00f3n.\" src=\"http:\/\/media.ecuadortimes.net\/2013\/06\/periodistas-temen-sanciones-ley-medios-l1.jpg\" alt=\"El Presidente de la Rep\u00fablica, Rafael Correa, durante el informe semanal a la ciudadan\u00eda, firm\u00f3 el ejec\u00fatese a la Ley de Comunicaci\u00f3n.\" width=\"500\" height=\"328\" \/><p id=\"caption-attachment-119301\" class=\"wp-caption-text\">El Presidente de la Rep\u00fablica, Rafael Correa, durante el informe semanal a la ciudadan\u00eda, firm\u00f3 el ejec\u00fatese a la Ley de Comunicaci\u00f3n.<\/p><\/div>\n","protected":false},"excerpt":{"rendered":"<p>La organizaci\u00f3n internacional Reporteros sin Fronteras lament\u00f3 que no existan disposiciones que despenalicen los delitos de \u0098difamaci\u00f3n\u0099 e \u0098injuria\u0099\u009d, en la nueva Ley de Comunicaci\u00f3n del Ecuador y, adem\u00e1s, cuestion\u00f3 la ambig\u00fcedad de otros art\u00edculos. Consideramos perjudicial un art\u00edculo que dispone que &#8216;todas las personas tienen derecho a que la informaci\u00f3n de relevancia p\u00fablica que reciben a trav\u00e9s de los medios de comunicaci\u00f3n sea verificada, contrastada, contextualizada y oportuna\u0099\u009d. Y se pregunta: \u00bfQu\u00e9 criterios permitir\u00e1n juzgar el valor de una informaci\u00f3n? \u00bfQu\u00e9 autoridad tendr\u00e1 esta competencia?\u009d. Otro tema preocupante para los periodistas es el linchamiento medi\u00e1tico\u009d. La Ley se\u00f1ala que los comunicadores deber\u00e1n abstenerse de realizar pr\u00e1cticas de linchamiento medi\u00e1tico\u009d, es decir, difundir informaci\u00f3n concertada y reiterativa, de manera directa o por terceros, a trav\u00e9s de los medios de comunicaci\u00f3n destinada a desprestigiar a una persona natural o jur\u00eddica o reducir su credibilidad p\u00fablica\u009d. La nueva ley, a la que se tendr\u00e1n que regir todos los medios de comunicaci\u00f3n, preocupa a los periodistas por ciertas normas que consideran ambiguas y que su incumplimiento podr\u00eda significar sanciones administrativas, civiles y penales.<\/p>\n","protected":false},"author":1,"featured_media":219360,"comment_status":"open","ping_status":"open","sticky":false,"template":"","format":"standard","meta":[],"categories":[40,37],"tags":[],"_links":{"self":[{"href":"https:\/\/www.ecuadortimes.net\/es\/wp-json\/wp\/v2\/posts\/219359"}],"collection":[{"href":"https:\/\/www.ecuadortimes.net\/es\/wp-json\/wp\/v2\/posts"}],"about":[{"href":"https:\/\/www.ecuadortimes.net\/es\/wp-json\/wp\/v2\/types\/post"}],"author":[{"embeddable":true,"href":"https:\/\/www.ecuadortimes.net\/es\/wp-json\/wp\/v2\/users\/1"}],"replies":[{"embeddable":true,"href":"https:\/\/www.ecuadortimes.net\/es\/wp-json\/wp\/v2\/comments?post=219359"}],"version-history":[{"count":0,"href":"https:\/\/www.ecuadortimes.net\/es\/wp-json\/wp\/v2\/posts\/219359\/revisions"}],"wp:featuredmedia":[{"embeddable":true,"href":"https:\/\/www.ecuadortimes.net\/es\/wp-json\/wp\/v2\/media\/219360"}],"wp:attachment":[{"href":"https:\/\/www.ecuadortimes.net\/es\/wp-json\/wp\/v2\/media?parent=219359"}],"wp:term":[{"taxonomy":"category","embeddable":true,"href":"https:\/\/www.ecuadortimes.net\/es\/wp-json\/wp\/v2\/categories?post=219359"},{"taxonomy":"post_tag","embeddable":true,"href":"https:\/\/www.ecuadortimes.net\/es\/wp-json\/wp\/v2\/tags?post=219359"}],"curies":[{"name":"wp","href":"https:\/\/api.w.org\/{rel}","templated":true}]}}