{"id":219385,"date":"2013-06-25T00:00:00","date_gmt":"2013-06-25T00:00:00","guid":{"rendered":"https:\/\/www.ecuadortimes.net\/es\/dilma-rousseff-propone-un-plebiscito-para-reforma-politica\/"},"modified":"2013-06-25T00:00:00","modified_gmt":"2013-06-25T00:00:00","slug":"dilma-rousseff-propone-un-plebiscito-para-reforma-politica","status":"publish","type":"post","link":"https:\/\/www.ecuadortimes.net\/es\/dilma-rousseff-propone-un-plebiscito-para-reforma-politica\/","title":{"rendered":"Dilma Rousseff propone un plebiscito para reforma pol\u00edtica"},"content":{"rendered":"<p>La presidenta brasile\u00f1a propuso este lunes 24 de junio <strong>un plebiscito para concretar una postergada reforma pol\u00edtica,<\/strong> la cual es una de las tantas demandas de las protestas que se extienden por el pa\u00eds.<\/p>\n<p>&#8220;Quiero proponer un debate sobre la convocatoria de un plebiscito popular <strong>que autorice el funcionamiento de un proceso constituyente espec\u00edfico para hacer la reforma pol\u00edtica que el pa\u00eds necesita&#8221;,<\/strong> dijo Rousseff en una reuni\u00f3n con alcaldes y gobernadores.<\/p>\n<p>En la propuesta del plebiscito, Rousseff <strong>recalc\u00f3 la lucha contra la corrupci\u00f3n<\/strong> (otra de las demandas de las manifestaciones), y plante\u00f3 que <strong>los delitos que impliquen dinero p\u00fablico sean castigados<\/strong> &#8220;con penas severas, mucho m\u00e1s severas&#8221; de las que hoy existen.<\/p>\n<div id=\"attachment_119432\" style=\"width: 510px\" class=\"wp-caption aligncenter\"><img aria-describedby=\"caption-attachment-119432\" loading=\"lazy\" class=\"size-full wp-image-119432\" title=\"Unas cuatro mil personas participaron el domingo 23 de junio en R\u00edo de Janeiro, Brasil, en una protesta contra una enmienda constituci\u00f3n que estudia el Congreso brasile\u00f1o para reducir los poderes de investigaci\u00f3n del Ministerio P\u00fablico y que, seg\u00fan los manifestantes, pude favorecer la impunidad.\" src=\"http:\/\/media.ecuadortimes.net\/2013\/06\/dilma-propone-plebiscito-brasil-l11.jpg\" alt=\"Unas cuatro mil personas participaron el domingo 23 de junio en R\u00edo de Janeiro, Brasil, en una protesta contra una enmienda constituci\u00f3n que estudia el Congreso brasile\u00f1o para reducir los poderes de investigaci\u00f3n del Ministerio P\u00fablico y que, seg\u00fan los manifestantes, pude favorecer la impunidad.\" width=\"500\" height=\"284\" \/><p id=\"caption-attachment-119432\" class=\"wp-caption-text\">Unas cuatro mil personas participaron el domingo 23 de junio en R\u00edo de Janeiro, Brasil, en una protesta contra una enmienda constituci\u00f3n que estudia el Congreso brasile\u00f1o para reducir los poderes de investigaci\u00f3n del Ministerio P\u00fablico y que, seg\u00fan los manifestantes, pude favorecer la impunidad.<\/p><\/div>\n<ul>\n<li>Sobre el transporte, propuso a alcaldes y gobernadores que estudien alternativas para reducir a\u00fan m\u00e1s impuestos a ese sector, y anunci\u00f3 una pr\u00f3xima eliminaci\u00f3n de impuestos federales al diesel que usan los autobuses y a la electricidad que mueve los metros y los trenes.<\/li>\n<li>Sobre la salud p\u00fablica, exigi\u00f3 &#8220;acelerar&#8221; las inversiones ya proyectadas y reiter\u00f3 su intenci\u00f3n de contratar m\u00e9dicos extranjeros para reforzar la atenci\u00f3n en regiones del pa\u00eds que no cuentan con los profesionales necesarios.<\/li>\n<li>Sobre la educaci\u00f3n, insisti\u00f3 en que la totalidad de las regal\u00edas del petr\u00f3leo atesorado en aguas profundas del Atl\u00e1ntico se destinen a ese sector, lo cual depende de la aprobaci\u00f3n del Congreso.<\/li>\n<\/ul>\n","protected":false},"excerpt":{"rendered":"<p>La presidenta brasile\u00f1a propuso este lunes 24 de junio un plebiscito para concretar una postergada reforma pol\u00edtica, la cual es una de las tantas demandas de las protestas que se extienden por el pa\u00eds. &#8220;Quiero proponer un debate sobre la convocatoria de un plebiscito popular que autorice el funcionamiento de un proceso constituyente espec\u00edfico para hacer la reforma pol\u00edtica que el pa\u00eds necesita&#8221;, dijo Rousseff en una reuni\u00f3n con alcaldes y gobernadores. En la propuesta del plebiscito, Rousseff recalc\u00f3 la lucha contra la corrupci\u00f3n (otra de las demandas de las manifestaciones), y plante\u00f3 que los delitos que impliquen dinero p\u00fablico sean castigados &#8220;con penas severas, mucho m\u00e1s severas&#8221; de las que hoy existen. Sobre el transporte, propuso a alcaldes y gobernadores que estudien alternativas para reducir a\u00fan m\u00e1s impuestos a ese sector, y anunci\u00f3 una pr\u00f3xima eliminaci\u00f3n de impuestos federales al diesel que usan los autobuses y a la electricidad que mueve los metros y los trenes. Sobre la salud p\u00fablica, exigi\u00f3 &#8220;acelerar&#8221; las inversiones ya proyectadas y reiter\u00f3 su intenci\u00f3n de contratar m\u00e9dicos extranjeros para reforzar la atenci\u00f3n en regiones del pa\u00eds que no cuentan con los profesionales necesarios. Sobre la educaci\u00f3n, insisti\u00f3 en que la totalidad de las regal\u00edas del petr\u00f3leo atesorado en aguas profundas del Atl\u00e1ntico se destinen a ese sector, lo cual depende de la aprobaci\u00f3n del Congreso.<\/p>\n","protected":false},"author":1,"featured_media":219386,"comment_status":"open","ping_status":"open","sticky":false,"template":"","format":"standard","meta":[],"categories":[34,37],"tags":[],"_links":{"self":[{"href":"https:\/\/www.ecuadortimes.net\/es\/wp-json\/wp\/v2\/posts\/219385"}],"collection":[{"href":"https:\/\/www.ecuadortimes.net\/es\/wp-json\/wp\/v2\/posts"}],"about":[{"href":"https:\/\/www.ecuadortimes.net\/es\/wp-json\/wp\/v2\/types\/post"}],"author":[{"embeddable":true,"href":"https:\/\/www.ecuadortimes.net\/es\/wp-json\/wp\/v2\/users\/1"}],"replies":[{"embeddable":true,"href":"https:\/\/www.ecuadortimes.net\/es\/wp-json\/wp\/v2\/comments?post=219385"}],"version-history":[{"count":0,"href":"https:\/\/www.ecuadortimes.net\/es\/wp-json\/wp\/v2\/posts\/219385\/revisions"}],"wp:featuredmedia":[{"embeddable":true,"href":"https:\/\/www.ecuadortimes.net\/es\/wp-json\/wp\/v2\/media\/219386"}],"wp:attachment":[{"href":"https:\/\/www.ecuadortimes.net\/es\/wp-json\/wp\/v2\/media?parent=219385"}],"wp:term":[{"taxonomy":"category","embeddable":true,"href":"https:\/\/www.ecuadortimes.net\/es\/wp-json\/wp\/v2\/categories?post=219385"},{"taxonomy":"post_tag","embeddable":true,"href":"https:\/\/www.ecuadortimes.net\/es\/wp-json\/wp\/v2\/tags?post=219385"}],"curies":[{"name":"wp","href":"https:\/\/api.w.org\/{rel}","templated":true}]}}