{"id":219391,"date":"2013-06-25T00:00:00","date_gmt":"2013-06-25T00:00:00","guid":{"rendered":"https:\/\/www.ecuadortimes.net\/es\/sip-advierte-que-ley-de-comunicacion-ecuatoriana-censura-a-medios\/"},"modified":"2013-06-25T00:00:00","modified_gmt":"2013-06-25T00:00:00","slug":"sip-advierte-que-ley-de-comunicacion-ecuatoriana-censura-a-medios","status":"publish","type":"post","link":"https:\/\/www.ecuadortimes.net\/es\/sip-advierte-que-ley-de-comunicacion-ecuatoriana-censura-a-medios\/","title":{"rendered":"SIP advierte que Ley de Comunicaci\u00f3n ecuatoriana censura a medios"},"content":{"rendered":"<div id=\"attachment_119468\" style=\"width: 310px\" class=\"wp-caption alignleft\"><img aria-describedby=\"caption-attachment-119468\" loading=\"lazy\" class=\"size-medium wp-image-119468\" title=\"Miembros de la SIP advierten sobre la Ley de Comunicaci\u00f3n\" src=\"http:\/\/media.ecuadortimes.net\/2013\/06\/Members-of-IAPA-warn-about-the-Communications-Law3-300x225.jpg\" alt=\"Miembros de la SIP advierten sobre la Ley de Comunicaci\u00f3n\" width=\"300\" height=\"225\" \/><p id=\"caption-attachment-119468\" class=\"wp-caption-text\">Miembros de la SIP advierten sobre la Ley de Comunicaci\u00f3n<\/p><\/div>\n<p>Este martes, <strong>la Sociedad Interamericana de Prensa (SIP) advirti\u00f3 que la nueva Ley de Comunicaci\u00f3n de Ecuador<\/strong> oficializa una serie de <strong><em>delitos de prensa<\/em><\/strong>\u009d que benefician al r\u00e9gimen sobre el derecho a la informaci\u00f3n de los ciudadanos.<\/p>\n<p>La controversial ley que fue aprobada por la Asamblea Nacional y posteriormente ratificada por el presidente de la Rep\u00fablica, Rafael Correa, entrar\u00eda en vigor a partir de su publicaci\u00f3n oficial y tipifica como delito el denominado <strong><em>linchamiento medi\u00e1tico<\/em><\/strong>\u009d.<\/p>\n<p>Dicha figura jur\u00eddica define este delito como la <strong><em>difusi\u00f3n reiterada de informaci\u00f3n con el prop\u00f3sito de desprestigiar o reducir la credibilidad de las personas f\u00edsicas y jur\u00eddicas<\/em><\/strong>\u009d, indic\u00f3 la SIP en un comunicado.<\/p>\n<p>Para <strong>Claudio Paolillo, presidente de la Comisi\u00f3n de Libertad de Prensa e Informaci\u00f3n de la SIP<\/strong>, con sede en Miami, dijo que <strong>esta nueva ley<\/strong> <strong><em>debilitar\u00e1 los procesos de investigaci\u00f3n period\u00edstica e impedir\u00e1 que el p\u00fablico, que la ciudadan\u00eda conozca lo que los poderes tratan de ocultar<\/em><\/strong>&#8220;.<\/p>\n<p>Paolillo agreg\u00f3 que esta legislaci\u00f3n da privilegios especiales a las autoridades sobre los ciudadanos, una figura que se ha eliminado de los c\u00f3digos penales de casi todos los pa\u00edses de las Am\u00e9ricas y que solo ha quedado en los m\u00e1s autoritarios.<\/p>\n<p><strong><em>Lamentablemente \u0093<\/em><\/strong><em>indic\u00f3 Paolillo<strong>&#8211; no nos sorprende que el Gobierno del presidente Correa contin\u00fae creando delitos de prensa con el objetivo de blindar a su Gobierno de la cr\u00edtica y la rendici\u00f3n de cuentas y, al mismo tiempo, le siga dando la espalda a los ciudadanos<\/strong><\/em>\u009d.<\/p>\n","protected":false},"excerpt":{"rendered":"<p>Este martes, la Sociedad Interamericana de Prensa (SIP) advirti\u00f3 que la nueva Ley de Comunicaci\u00f3n de Ecuador oficializa una serie de delitos de prensa\u009d que benefician al r\u00e9gimen sobre el derecho a la informaci\u00f3n de los ciudadanos. La controversial ley que fue aprobada por la Asamblea Nacional y posteriormente ratificada por el presidente de la Rep\u00fablica, Rafael Correa, entrar\u00eda en vigor a partir de su publicaci\u00f3n oficial y tipifica como delito el denominado linchamiento medi\u00e1tico\u009d. Dicha figura jur\u00eddica define este delito como la difusi\u00f3n reiterada de informaci\u00f3n con el prop\u00f3sito de desprestigiar o reducir la credibilidad de las personas f\u00edsicas y jur\u00eddicas\u009d, indic\u00f3 la SIP en un comunicado. Para Claudio Paolillo, presidente de la Comisi\u00f3n de Libertad de Prensa e Informaci\u00f3n de la SIP, con sede en Miami, dijo que esta nueva ley debilitar\u00e1 los procesos de investigaci\u00f3n period\u00edstica e impedir\u00e1 que el p\u00fablico, que la ciudadan\u00eda conozca lo que los poderes tratan de ocultar&#8220;. Paolillo agreg\u00f3 que esta legislaci\u00f3n da privilegios especiales a las autoridades sobre los ciudadanos, una figura que se ha eliminado de los c\u00f3digos penales de casi todos los pa\u00edses de las Am\u00e9ricas y que solo ha quedado en los m\u00e1s autoritarios. Lamentablemente \u0093indic\u00f3 Paolillo&#8211; no nos sorprende que el Gobierno del presidente Correa contin\u00fae creando delitos de prensa con el objetivo de blindar a su Gobierno de la cr\u00edtica y la rendici\u00f3n de cuentas y, al mismo tiempo, le siga dando la espalda a los ciudadanos\u009d.<\/p>\n","protected":false},"author":1,"featured_media":219392,"comment_status":"open","ping_status":"open","sticky":false,"template":"","format":"standard","meta":[],"categories":[40,37],"tags":[],"_links":{"self":[{"href":"https:\/\/www.ecuadortimes.net\/es\/wp-json\/wp\/v2\/posts\/219391"}],"collection":[{"href":"https:\/\/www.ecuadortimes.net\/es\/wp-json\/wp\/v2\/posts"}],"about":[{"href":"https:\/\/www.ecuadortimes.net\/es\/wp-json\/wp\/v2\/types\/post"}],"author":[{"embeddable":true,"href":"https:\/\/www.ecuadortimes.net\/es\/wp-json\/wp\/v2\/users\/1"}],"replies":[{"embeddable":true,"href":"https:\/\/www.ecuadortimes.net\/es\/wp-json\/wp\/v2\/comments?post=219391"}],"version-history":[{"count":0,"href":"https:\/\/www.ecuadortimes.net\/es\/wp-json\/wp\/v2\/posts\/219391\/revisions"}],"wp:featuredmedia":[{"embeddable":true,"href":"https:\/\/www.ecuadortimes.net\/es\/wp-json\/wp\/v2\/media\/219392"}],"wp:attachment":[{"href":"https:\/\/www.ecuadortimes.net\/es\/wp-json\/wp\/v2\/media?parent=219391"}],"wp:term":[{"taxonomy":"category","embeddable":true,"href":"https:\/\/www.ecuadortimes.net\/es\/wp-json\/wp\/v2\/categories?post=219391"},{"taxonomy":"post_tag","embeddable":true,"href":"https:\/\/www.ecuadortimes.net\/es\/wp-json\/wp\/v2\/tags?post=219391"}],"curies":[{"name":"wp","href":"https:\/\/api.w.org\/{rel}","templated":true}]}}