{"id":219398,"date":"2013-06-26T00:00:00","date_gmt":"2013-06-26T00:00:00","guid":{"rendered":"https:\/\/www.ecuadortimes.net\/es\/alberto-kohan-exsecretario-de-menem-enjuiciado-por-enriquecimiento-ilicito\/"},"modified":"2013-06-26T00:00:00","modified_gmt":"2013-06-26T00:00:00","slug":"alberto-kohan-exsecretario-de-menem-enjuiciado-por-enriquecimiento-ilicito","status":"publish","type":"post","link":"https:\/\/www.ecuadortimes.net\/es\/alberto-kohan-exsecretario-de-menem-enjuiciado-por-enriquecimiento-ilicito\/","title":{"rendered":"Alberto Kohan, exsecretario de Menem, enjuiciado por enriquecimiento il\u00edcito"},"content":{"rendered":"<div id=\"attachment_119503\" style=\"width: 272px\" class=\"wp-caption alignleft\"><img aria-describedby=\"caption-attachment-119503\" loading=\"lazy\" class=\" wp-image-119503  \" title=\"Alberto Kohan junto al ex presidente Carlos Menem,\" src=\"http:\/\/media.ecuadortimes.net\/2013\/06\/Juicio-oral-al-ex-secretario-general-de-la-Presidencia-de-Carlos-Menem-Alberto-Kohan-por-enriquecimiento-il\u00edcito1.jpg\" alt=\"Alberto Kohan junto al ex presidente Carlos Menem,\" width=\"262\" height=\"180\" \/><p id=\"caption-attachment-119503\" class=\"wp-caption-text\">Alberto Kohan junto al ex presidente Carlos Menem,<\/p><\/div>\n<p>El pasado lunes \u00a0inici\u00f3 el juicio en contra del exsecretario general durante la presidencia de Carlos Menem, por presunto enriquecimiento il\u00edcito entre 1989 y 1998.<\/p>\n<p>Kohan habr\u00eda solicitado al tribunal, a trav\u00e9s de su abogado, la anulaci\u00f3n de la acusaci\u00f3n fiscal por presentar &#8220;errores materiales&#8221; y &#8220;deficiencias graves&#8221;.<\/p>\n<p>Tras una investigaci\u00f3n judicial iniciada en 1999, Kohan fue imputado en 2006 por presuntamente haber incrementado su patrimonio en m\u00e1s de un mill\u00f3n de d\u00f3lares de ingres\u00f3 en la funci\u00f3n p\u00fablica, con una propiedad valorada en $ 155.000 y al retirarse hab\u00eda acumulado otras ocho viviendas, 13 veh\u00edculos, un barco y unas 70 armas de fuego.<\/p>\n<p>Se trata del segundo exalto cargo de Menem que afronta un juicio por corrupci\u00f3n. Menem fue condenado a cuatro a\u00f1os de prisi\u00f3n por los delitos de peculado y defraudaci\u00f3n a la administraci\u00f3n p\u00fablica.<\/p>\n","protected":false},"excerpt":{"rendered":"<p>El pasado lunes \u00a0inici\u00f3 el juicio en contra del exsecretario general durante la presidencia de Carlos Menem, por presunto enriquecimiento il\u00edcito entre 1989 y 1998. Kohan habr\u00eda solicitado al tribunal, a trav\u00e9s de su abogado, la anulaci\u00f3n de la acusaci\u00f3n fiscal por presentar &#8220;errores materiales&#8221; y &#8220;deficiencias graves&#8221;. Tras una investigaci\u00f3n judicial iniciada en 1999, Kohan fue imputado en 2006 por presuntamente haber incrementado su patrimonio en m\u00e1s de un mill\u00f3n de d\u00f3lares de ingres\u00f3 en la funci\u00f3n p\u00fablica, con una propiedad valorada en $ 155.000 y al retirarse hab\u00eda acumulado otras ocho viviendas, 13 veh\u00edculos, un barco y unas 70 armas de fuego. Se trata del segundo exalto cargo de Menem que afronta un juicio por corrupci\u00f3n. Menem fue condenado a cuatro a\u00f1os de prisi\u00f3n por los delitos de peculado y defraudaci\u00f3n a la administraci\u00f3n p\u00fablica.<\/p>\n","protected":false},"author":1,"featured_media":219399,"comment_status":"open","ping_status":"open","sticky":false,"template":"","format":"standard","meta":[],"categories":[34,37],"tags":[],"_links":{"self":[{"href":"https:\/\/www.ecuadortimes.net\/es\/wp-json\/wp\/v2\/posts\/219398"}],"collection":[{"href":"https:\/\/www.ecuadortimes.net\/es\/wp-json\/wp\/v2\/posts"}],"about":[{"href":"https:\/\/www.ecuadortimes.net\/es\/wp-json\/wp\/v2\/types\/post"}],"author":[{"embeddable":true,"href":"https:\/\/www.ecuadortimes.net\/es\/wp-json\/wp\/v2\/users\/1"}],"replies":[{"embeddable":true,"href":"https:\/\/www.ecuadortimes.net\/es\/wp-json\/wp\/v2\/comments?post=219398"}],"version-history":[{"count":0,"href":"https:\/\/www.ecuadortimes.net\/es\/wp-json\/wp\/v2\/posts\/219398\/revisions"}],"wp:featuredmedia":[{"embeddable":true,"href":"https:\/\/www.ecuadortimes.net\/es\/wp-json\/wp\/v2\/media\/219399"}],"wp:attachment":[{"href":"https:\/\/www.ecuadortimes.net\/es\/wp-json\/wp\/v2\/media?parent=219398"}],"wp:term":[{"taxonomy":"category","embeddable":true,"href":"https:\/\/www.ecuadortimes.net\/es\/wp-json\/wp\/v2\/categories?post=219398"},{"taxonomy":"post_tag","embeddable":true,"href":"https:\/\/www.ecuadortimes.net\/es\/wp-json\/wp\/v2\/tags?post=219398"}],"curies":[{"name":"wp","href":"https:\/\/api.w.org\/{rel}","templated":true}]}}