{"id":219424,"date":"2013-06-26T00:00:00","date_gmt":"2013-06-26T00:00:00","guid":{"rendered":"https:\/\/www.ecuadortimes.net\/es\/cinco-fallecidos-por-explosion-de-granada-en-morona-santiago\/"},"modified":"2013-06-26T00:00:00","modified_gmt":"2013-06-26T00:00:00","slug":"cinco-fallecidos-por-explosion-de-granada-en-morona-santiago","status":"publish","type":"post","link":"https:\/\/www.ecuadortimes.net\/es\/cinco-fallecidos-por-explosion-de-granada-en-morona-santiago\/","title":{"rendered":"Cinco fallecidos por explosi\u00f3n de granada en Morona Santiago"},"content":{"rendered":"<p>El ministro de Defensa encargado, <strong>Carlos Larrea, se\u00f1al\u00f3 que la explosi\u00f3n de una granada el pasado domingo en el cant\u00f3n Taisha, en la provincia de Morona Santiago, caus\u00f3 la muerte de cinco personas:<\/strong> cuatro militares y un civil. Adem\u00e1s <strong>hubo 15 heridos,<\/strong> dos de los cuales fueron dados de alta, y otro es menor de edad con una lesi\u00f3n tor\u00e1cica.<\/p>\n<p>El general <strong>Jorge Pe\u00f1a,<\/strong> comandante del Ej\u00e9rcito, <strong>explic\u00f3 que se traslad\u00f3 en helic\u00f3ptero a los afectados.<\/strong><\/p>\n<div id=\"attachment_119623\" style=\"width: 510px\" class=\"wp-caption aligncenter\"><img aria-describedby=\"caption-attachment-119623\" loading=\"lazy\" class=\"size-full wp-image-119623\" title=\"Militares llevando a los heridos al helic\u00f3ptero.\" src=\"http:\/\/media.ecuadortimes.net\/2013\/06\/granada-mata-cinco-taisha-l1.jpg\" alt=\"Militares llevando a los heridos al helic\u00f3ptero.\" width=\"500\" height=\"281\" \/><p id=\"caption-attachment-119623\" class=\"wp-caption-text\">Militares llevando a los heridos al helic\u00f3ptero.<\/p><\/div>\n<p>Los fallecidos son: los cabos \u00c3\u0081ngelo Pindo Nagua y Marco Caiza Cando, quienes fallecieron por heridas de gravedad en el hospital Militar de Quito; el sargento Bartolom\u00e9 Chamikiar Akachu, el cabo Carlos \u00c3\u0091acata y el civil Willman Naeqay Nanantay.<\/p>\n<p>Se presume que <strong>el accidente fue causado por un error humano.<\/strong> Seg\u00fan Pe\u00f1a, <strong>se estaba mostrando el funcionamiento de una granada,<\/strong> y ese tipo de exposiciones siempre se hacen con material no explosivo.<\/p>\n<p>La Junta de Investigaciones y la Junta Evaluadora de Accidentes ya iniciaron las investigaciones. <strong>Los castigos,<\/strong> dijo Pe\u00f1a, <strong>pudieran ser &#8221; desde arrestos hasta sanciones m\u00e1s graves&#8221;.<\/strong><\/p>\n","protected":false},"excerpt":{"rendered":"<p>El ministro de Defensa encargado, Carlos Larrea, se\u00f1al\u00f3 que la explosi\u00f3n de una granada el pasado domingo en el cant\u00f3n Taisha, en la provincia de Morona Santiago, caus\u00f3 la muerte de cinco personas: cuatro militares y un civil. Adem\u00e1s hubo 15 heridos, dos de los cuales fueron dados de alta, y otro es menor de edad con una lesi\u00f3n tor\u00e1cica. El general Jorge Pe\u00f1a, comandante del Ej\u00e9rcito, explic\u00f3 que se traslad\u00f3 en helic\u00f3ptero a los afectados. Los fallecidos son: los cabos \u00c3\u0081ngelo Pindo Nagua y Marco Caiza Cando, quienes fallecieron por heridas de gravedad en el hospital Militar de Quito; el sargento Bartolom\u00e9 Chamikiar Akachu, el cabo Carlos \u00c3\u0091acata y el civil Willman Naeqay Nanantay. Se presume que el accidente fue causado por un error humano. Seg\u00fan Pe\u00f1a, se estaba mostrando el funcionamiento de una granada, y ese tipo de exposiciones siempre se hacen con material no explosivo. La Junta de Investigaciones y la Junta Evaluadora de Accidentes ya iniciaron las investigaciones. Los castigos, dijo Pe\u00f1a, pudieran ser &#8221; desde arrestos hasta sanciones m\u00e1s graves&#8221;.<\/p>\n","protected":false},"author":1,"featured_media":219425,"comment_status":"open","ping_status":"open","sticky":false,"template":"","format":"standard","meta":[],"categories":[41,37],"tags":[],"_links":{"self":[{"href":"https:\/\/www.ecuadortimes.net\/es\/wp-json\/wp\/v2\/posts\/219424"}],"collection":[{"href":"https:\/\/www.ecuadortimes.net\/es\/wp-json\/wp\/v2\/posts"}],"about":[{"href":"https:\/\/www.ecuadortimes.net\/es\/wp-json\/wp\/v2\/types\/post"}],"author":[{"embeddable":true,"href":"https:\/\/www.ecuadortimes.net\/es\/wp-json\/wp\/v2\/users\/1"}],"replies":[{"embeddable":true,"href":"https:\/\/www.ecuadortimes.net\/es\/wp-json\/wp\/v2\/comments?post=219424"}],"version-history":[{"count":0,"href":"https:\/\/www.ecuadortimes.net\/es\/wp-json\/wp\/v2\/posts\/219424\/revisions"}],"wp:featuredmedia":[{"embeddable":true,"href":"https:\/\/www.ecuadortimes.net\/es\/wp-json\/wp\/v2\/media\/219425"}],"wp:attachment":[{"href":"https:\/\/www.ecuadortimes.net\/es\/wp-json\/wp\/v2\/media?parent=219424"}],"wp:term":[{"taxonomy":"category","embeddable":true,"href":"https:\/\/www.ecuadortimes.net\/es\/wp-json\/wp\/v2\/categories?post=219424"},{"taxonomy":"post_tag","embeddable":true,"href":"https:\/\/www.ecuadortimes.net\/es\/wp-json\/wp\/v2\/tags?post=219424"}],"curies":[{"name":"wp","href":"https:\/\/api.w.org\/{rel}","templated":true}]}}