{"id":220106,"date":"2013-08-07T00:00:00","date_gmt":"2013-08-07T00:00:00","guid":{"rendered":"https:\/\/www.ecuadortimes.net\/es\/patino-propone-a-lenin-moreno-como-representante-en-la-onu\/"},"modified":"2013-08-07T00:00:00","modified_gmt":"2013-08-07T00:00:00","slug":"patino-propone-a-lenin-moreno-como-representante-en-la-onu","status":"publish","type":"post","link":"https:\/\/www.ecuadortimes.net\/es\/patino-propone-a-lenin-moreno-como-representante-en-la-onu\/","title":{"rendered":"Pati\u00f1o propone a Len\u00edn Moreno como representante en la ONU"},"content":{"rendered":"<div id=\"attachment_123226\" style=\"width: 350px\" class=\"wp-caption alignleft\"><a href=\"http:\/\/www.ecuadortimes.net\/es\/2013\/08\/07\/patino-propone-a-lenin-moreno-como-representante-en-la-onu\/lenin-moreno-7\/\" rel=\"attachment wp-att-123226\"><img aria-describedby=\"caption-attachment-123226\" loading=\"lazy\" class=\"size-full wp-image-123226\" title=\"Len\u00edn Moreno\" src=\"http:\/\/media.ecuadortimes.net\/2013\/08\/Len\u00edn-Moreno.jpg\" alt=\"Len\u00edn Moreno\" width=\"340\" height=\"256\" \/><\/a><p id=\"caption-attachment-123226\" class=\"wp-caption-text\">Len\u00edn Moreno<\/p><\/div>\n<p><strong>El exvicepresidente de Ecuador fue propuesto por el Gobierno ecuatoriano para ser delegado especial de la ONU en temas de discapacidad, seg\u00fan inform\u00f3 la canciller\u00eda a trav\u00e9s de un comunicado.<\/strong><\/p>\n<p>Ricardo Pati\u00f1o fue el encargado de presentar la propuesta en una reuni\u00f3n que mantuvo en Nueva York con Ban Ki-Moon secretario general de la ONU durante un debate sobre &#8220;cooperaci\u00f3n entre las Naciones Unidas y las organizaciones regionales y subregionales en el mantenimiento de la paz y la seguridad internacional&#8221;, que se realiz\u00f3 ayer en la sede de Naciones Unidas.<\/p>\n<p>La propuesta hecha por Pati\u00f1o busca que la experiencia ecuatoriana sobre la atenci\u00f3n brindada a ese colectivo y que ha sido replicada por varios pa\u00edses latinoamericanos sea compartida.<\/p>\n<p><strong>Moreno, fue el encargado de llevar hacia delante las misiones &#8220;Manuela Espejo&#8221; y &#8220;Joaqu\u00edn Gallegos Lara&#8221;, que brindan atenci\u00f3n integral a todos los discapacitados del pa\u00eds, para de esa forma evitar que vivan marginados.<\/strong><\/p>\n<p>Ambas misiones han recibido m\u00faltiples reconocimientos de pa\u00edses y organizaciones internacionales debido al \u00e9xito que han logrado.<\/p>\n<p>Pati\u00f1o asegur\u00f3 que la propuesta ser\u00e1 analizada por la ONU para tomar una decisi\u00f3n futura.<\/p>\n","protected":false},"excerpt":{"rendered":"<p>El exvicepresidente de Ecuador fue propuesto por el Gobierno ecuatoriano para ser delegado especial de la ONU en temas de discapacidad, seg\u00fan inform\u00f3 la canciller\u00eda a trav\u00e9s de un comunicado. Ricardo Pati\u00f1o fue el encargado de presentar la propuesta en una reuni\u00f3n que mantuvo en Nueva York con Ban Ki-Moon secretario general de la ONU durante un debate sobre &#8220;cooperaci\u00f3n entre las Naciones Unidas y las organizaciones regionales y subregionales en el mantenimiento de la paz y la seguridad internacional&#8221;, que se realiz\u00f3 ayer en la sede de Naciones Unidas. La propuesta hecha por Pati\u00f1o busca que la experiencia ecuatoriana sobre la atenci\u00f3n brindada a ese colectivo y que ha sido replicada por varios pa\u00edses latinoamericanos sea compartida. Moreno, fue el encargado de llevar hacia delante las misiones &#8220;Manuela Espejo&#8221; y &#8220;Joaqu\u00edn Gallegos Lara&#8221;, que brindan atenci\u00f3n integral a todos los discapacitados del pa\u00eds, para de esa forma evitar que vivan marginados. Ambas misiones han recibido m\u00faltiples reconocimientos de pa\u00edses y organizaciones internacionales debido al \u00e9xito que han logrado. Pati\u00f1o asegur\u00f3 que la propuesta ser\u00e1 analizada por la ONU para tomar una decisi\u00f3n futura.<\/p>\n","protected":false},"author":1,"featured_media":220107,"comment_status":"open","ping_status":"open","sticky":false,"template":"","format":"standard","meta":[],"categories":[40,37],"tags":[],"_links":{"self":[{"href":"https:\/\/www.ecuadortimes.net\/es\/wp-json\/wp\/v2\/posts\/220106"}],"collection":[{"href":"https:\/\/www.ecuadortimes.net\/es\/wp-json\/wp\/v2\/posts"}],"about":[{"href":"https:\/\/www.ecuadortimes.net\/es\/wp-json\/wp\/v2\/types\/post"}],"author":[{"embeddable":true,"href":"https:\/\/www.ecuadortimes.net\/es\/wp-json\/wp\/v2\/users\/1"}],"replies":[{"embeddable":true,"href":"https:\/\/www.ecuadortimes.net\/es\/wp-json\/wp\/v2\/comments?post=220106"}],"version-history":[{"count":0,"href":"https:\/\/www.ecuadortimes.net\/es\/wp-json\/wp\/v2\/posts\/220106\/revisions"}],"wp:featuredmedia":[{"embeddable":true,"href":"https:\/\/www.ecuadortimes.net\/es\/wp-json\/wp\/v2\/media\/220107"}],"wp:attachment":[{"href":"https:\/\/www.ecuadortimes.net\/es\/wp-json\/wp\/v2\/media?parent=220106"}],"wp:term":[{"taxonomy":"category","embeddable":true,"href":"https:\/\/www.ecuadortimes.net\/es\/wp-json\/wp\/v2\/categories?post=220106"},{"taxonomy":"post_tag","embeddable":true,"href":"https:\/\/www.ecuadortimes.net\/es\/wp-json\/wp\/v2\/tags?post=220106"}],"curies":[{"name":"wp","href":"https:\/\/api.w.org\/{rel}","templated":true}]}}