{"id":220110,"date":"2013-08-07T00:00:00","date_gmt":"2013-08-07T00:00:00","guid":{"rendered":"https:\/\/www.ecuadortimes.net\/es\/los-precios-bajaron-por-tercer-mes-consecutivos-en-el-ecuador\/"},"modified":"2013-08-07T00:00:00","modified_gmt":"2013-08-07T00:00:00","slug":"los-precios-bajaron-por-tercer-mes-consecutivos-en-el-ecuador","status":"publish","type":"post","link":"https:\/\/www.ecuadortimes.net\/es\/los-precios-bajaron-por-tercer-mes-consecutivos-en-el-ecuador\/","title":{"rendered":"Los precios bajaron por tercer mes consecutivos en el Ecuador"},"content":{"rendered":"<p><a href=\"http:\/\/www.ecuadortimes.net\/es\/2013\/08\/07\/los-precios-bajaron-por-tercer-mes-consecutivos-en-el-ecuador\/precios\/\" rel=\"attachment wp-att-123261\"><img loading=\"lazy\" class=\"alignleft size-full wp-image-123261\" title=\"precios\" src=\"http:\/\/media.ecuadortimes.net\/2013\/08\/precios.jpg\" alt=\"\" width=\"340\" height=\"256\" \/><\/a><strong>El Instituto Nacional de Estad\u00edstica y Censos (INEC) public\u00f3 ayer en su p\u00e1gina web que durante el mes de julio el pa\u00eds volvi\u00f3 a producir una deflaci\u00f3n en 0,02%, mientras que en junio pasado fue de 0,14% y en mayo 0,22%.<\/strong><\/p>\n<p>Seg\u00fan la informaci\u00f3n publicada por el INEC, entre los productos que m\u00e1s bajaron de precio, se ubican el tomate ri\u00f1\u00f3n, pan, papaya, fr\u00e9jol seco, arroz flor, cebolla paite\u00f1a, pollo entero.<\/p>\n<p>El investigador de Carta Econ\u00f3mica, Jos\u00e9 Mieles, cree que la inflaci\u00f3n de julio es efecto de la econom\u00eda desacelerada, que empez\u00f3 en el primer trimestre del a\u00f1o en curso con un crecimiento del 3,5% frente al 6,1% del mismo periodo del 2012.<\/p>\n<p>Santiago Garc\u00eda, director del Instituto de Investigaciones Econ\u00f3micas de la Universidad Central, considera que la baja de precios de julio coincide con una actividad econ\u00f3mica que decrece especialmente entre julio y agosto, b\u00e1sicamente por la etapa de vacaciones.<\/p>\n<p>Por su parte, Alberto Acosta Burneo, editor de An\u00e1lisis Semanal, indica que la baja de precios de los alimentos se nota m\u00e1s en la Costa y especialmente en Guayaquil. Esto lo atribuye a una debilidad en la demanda, que se explicar\u00eda con la reducci\u00f3n de las cifras de empleo pleno en el segundo trimestre del 2013 y que fue m\u00e1s fuerte en el puerto principal.<\/p>\n","protected":false},"excerpt":{"rendered":"<p>El Instituto Nacional de Estad\u00edstica y Censos (INEC) public\u00f3 ayer en su p\u00e1gina web que durante el mes de julio el pa\u00eds volvi\u00f3 a producir una deflaci\u00f3n en 0,02%, mientras que en junio pasado fue de 0,14% y en mayo 0,22%. Seg\u00fan la informaci\u00f3n publicada por el INEC, entre los productos que m\u00e1s bajaron de precio, se ubican el tomate ri\u00f1\u00f3n, pan, papaya, fr\u00e9jol seco, arroz flor, cebolla paite\u00f1a, pollo entero. El investigador de Carta Econ\u00f3mica, Jos\u00e9 Mieles, cree que la inflaci\u00f3n de julio es efecto de la econom\u00eda desacelerada, que empez\u00f3 en el primer trimestre del a\u00f1o en curso con un crecimiento del 3,5% frente al 6,1% del mismo periodo del 2012. Santiago Garc\u00eda, director del Instituto de Investigaciones Econ\u00f3micas de la Universidad Central, considera que la baja de precios de julio coincide con una actividad econ\u00f3mica que decrece especialmente entre julio y agosto, b\u00e1sicamente por la etapa de vacaciones. Por su parte, Alberto Acosta Burneo, editor de An\u00e1lisis Semanal, indica que la baja de precios de los alimentos se nota m\u00e1s en la Costa y especialmente en Guayaquil. Esto lo atribuye a una debilidad en la demanda, que se explicar\u00eda con la reducci\u00f3n de las cifras de empleo pleno en el segundo trimestre del 2013 y que fue m\u00e1s fuerte en el puerto principal.<\/p>\n","protected":false},"author":1,"featured_media":220111,"comment_status":"open","ping_status":"open","sticky":false,"template":"","format":"standard","meta":[],"categories":[32,43,37],"tags":[],"_links":{"self":[{"href":"https:\/\/www.ecuadortimes.net\/es\/wp-json\/wp\/v2\/posts\/220110"}],"collection":[{"href":"https:\/\/www.ecuadortimes.net\/es\/wp-json\/wp\/v2\/posts"}],"about":[{"href":"https:\/\/www.ecuadortimes.net\/es\/wp-json\/wp\/v2\/types\/post"}],"author":[{"embeddable":true,"href":"https:\/\/www.ecuadortimes.net\/es\/wp-json\/wp\/v2\/users\/1"}],"replies":[{"embeddable":true,"href":"https:\/\/www.ecuadortimes.net\/es\/wp-json\/wp\/v2\/comments?post=220110"}],"version-history":[{"count":0,"href":"https:\/\/www.ecuadortimes.net\/es\/wp-json\/wp\/v2\/posts\/220110\/revisions"}],"wp:featuredmedia":[{"embeddable":true,"href":"https:\/\/www.ecuadortimes.net\/es\/wp-json\/wp\/v2\/media\/220111"}],"wp:attachment":[{"href":"https:\/\/www.ecuadortimes.net\/es\/wp-json\/wp\/v2\/media?parent=220110"}],"wp:term":[{"taxonomy":"category","embeddable":true,"href":"https:\/\/www.ecuadortimes.net\/es\/wp-json\/wp\/v2\/categories?post=220110"},{"taxonomy":"post_tag","embeddable":true,"href":"https:\/\/www.ecuadortimes.net\/es\/wp-json\/wp\/v2\/tags?post=220110"}],"curies":[{"name":"wp","href":"https:\/\/api.w.org\/{rel}","templated":true}]}}