{"id":220112,"date":"2013-08-07T00:00:00","date_gmt":"2013-08-07T00:00:00","guid":{"rendered":"https:\/\/www.ecuadortimes.net\/es\/con-amorfino-nebot-contesta-comentarios-del-presidente-correa\/"},"modified":"2013-08-07T00:00:00","modified_gmt":"2013-08-07T00:00:00","slug":"con-amorfino-nebot-contesta-comentarios-del-presidente-correa","status":"publish","type":"post","link":"https:\/\/www.ecuadortimes.net\/es\/con-amorfino-nebot-contesta-comentarios-del-presidente-correa\/","title":{"rendered":"Con amorfino Nebot contesta comentarios del Presidente Correa"},"content":{"rendered":"<div id=\"attachment_123242\" style=\"width: 310px\" class=\"wp-caption alignright\"><img aria-describedby=\"caption-attachment-123242\" loading=\"lazy\" class=\"size-medium wp-image-123242\" title=\"Galo Mora lee la pol\u00e9mica propuesta del r\u00e9gimen\" src=\"http:\/\/media.ecuadortimes.net\/2013\/08\/Galo-Mora-reads-the-corruption-of-the-regime3-300x225.jpg\" alt=\"Galo Mora lee la pol\u00e9mica propuesta del r\u00e9gimen\" width=\"300\" height=\"225\" \/><p id=\"caption-attachment-123242\" class=\"wp-caption-text\">Galo Mora lee la pol\u00e9mica propuesta del r\u00e9gimen<\/p><\/div>\n<p>El martes pasado Galo Mora present\u00f3 en una rueda de prensa la propuesta del r\u00e9gimen para establecer en la Constituci\u00f3n la reelecci\u00f3n indefinida de las autoridades de elecci\u00f3n popular.<\/p>\n<p>Los nombres del presidente Rafael Correa, la del secretario ejecutivo de Alianza PAIS (AP), Galo Mora; y la del alcalde de Guayaquil y representante de Madera de Guerrero (MG), Jaime Nebot, aparec\u00edan al final del documento.<\/p>\n<p>Mora al presentar la propuesta dijo que con ello se extendi\u00f3 <em><strong>de manera oficial<\/strong><\/em>\u009d la invitaci\u00f3n que el Mandatario ya formul\u00f3 en su \u00faltima sabatina. Lo hizo en compa\u00f1\u00eda de tres miembros de la directiva local de AP: Mar\u00eda de los \u00c3\u0081ngeles Duarte, directora y ministra de Obras P\u00fablicas; Viviana Bonilla (secretaria del movimiento y gobernadora); y Pierina Correa (miembro y presidenta de la Federaci\u00f3n Deportiva del Guayas).<\/p>\n<p>Nebot no respondi\u00f3 ayer ante esta propuesta pues dijo que el se dedicaba a trabajar. Sin embargo, el alcalde si lanzo su declaraci\u00f3n a manera de amorfino <em><strong>El presidente est\u00e1 picado, por eso act\u00faa ofuscado. A gritos pide mi relevo, pero en balde&#8230; porque Guayaquil quiere a su alcalde. Aqu\u00ed no hay ley del embudo, porque este pueblo no es cojudo<\/strong><\/em>\u009d.<\/p>\n","protected":false},"excerpt":{"rendered":"<p>El martes pasado Galo Mora present\u00f3 en una rueda de prensa la propuesta del r\u00e9gimen para establecer en la Constituci\u00f3n la reelecci\u00f3n indefinida de las autoridades de elecci\u00f3n popular. Los nombres del presidente Rafael Correa, la del secretario ejecutivo de Alianza PAIS (AP), Galo Mora; y la del alcalde de Guayaquil y representante de Madera de Guerrero (MG), Jaime Nebot, aparec\u00edan al final del documento. Mora al presentar la propuesta dijo que con ello se extendi\u00f3 de manera oficial\u009d la invitaci\u00f3n que el Mandatario ya formul\u00f3 en su \u00faltima sabatina. Lo hizo en compa\u00f1\u00eda de tres miembros de la directiva local de AP: Mar\u00eda de los \u00c3\u0081ngeles Duarte, directora y ministra de Obras P\u00fablicas; Viviana Bonilla (secretaria del movimiento y gobernadora); y Pierina Correa (miembro y presidenta de la Federaci\u00f3n Deportiva del Guayas). Nebot no respondi\u00f3 ayer ante esta propuesta pues dijo que el se dedicaba a trabajar. Sin embargo, el alcalde si lanzo su declaraci\u00f3n a manera de amorfino El presidente est\u00e1 picado, por eso act\u00faa ofuscado. A gritos pide mi relevo, pero en balde&#8230; porque Guayaquil quiere a su alcalde. Aqu\u00ed no hay ley del embudo, porque este pueblo no es cojudo\u009d.<\/p>\n","protected":false},"author":1,"featured_media":220113,"comment_status":"open","ping_status":"open","sticky":false,"template":"","format":"standard","meta":[],"categories":[40,37],"tags":[],"_links":{"self":[{"href":"https:\/\/www.ecuadortimes.net\/es\/wp-json\/wp\/v2\/posts\/220112"}],"collection":[{"href":"https:\/\/www.ecuadortimes.net\/es\/wp-json\/wp\/v2\/posts"}],"about":[{"href":"https:\/\/www.ecuadortimes.net\/es\/wp-json\/wp\/v2\/types\/post"}],"author":[{"embeddable":true,"href":"https:\/\/www.ecuadortimes.net\/es\/wp-json\/wp\/v2\/users\/1"}],"replies":[{"embeddable":true,"href":"https:\/\/www.ecuadortimes.net\/es\/wp-json\/wp\/v2\/comments?post=220112"}],"version-history":[{"count":0,"href":"https:\/\/www.ecuadortimes.net\/es\/wp-json\/wp\/v2\/posts\/220112\/revisions"}],"wp:featuredmedia":[{"embeddable":true,"href":"https:\/\/www.ecuadortimes.net\/es\/wp-json\/wp\/v2\/media\/220113"}],"wp:attachment":[{"href":"https:\/\/www.ecuadortimes.net\/es\/wp-json\/wp\/v2\/media?parent=220112"}],"wp:term":[{"taxonomy":"category","embeddable":true,"href":"https:\/\/www.ecuadortimes.net\/es\/wp-json\/wp\/v2\/categories?post=220112"},{"taxonomy":"post_tag","embeddable":true,"href":"https:\/\/www.ecuadortimes.net\/es\/wp-json\/wp\/v2\/tags?post=220112"}],"curies":[{"name":"wp","href":"https:\/\/api.w.org\/{rel}","templated":true}]}}