{"id":220121,"date":"2013-08-07T00:00:00","date_gmt":"2013-08-07T00:00:00","guid":{"rendered":"https:\/\/www.ecuadortimes.net\/es\/supertel-desactiva-celulares-reportados-como-robados\/"},"modified":"2013-08-07T00:00:00","modified_gmt":"2013-08-07T00:00:00","slug":"supertel-desactiva-celulares-reportados-como-robados","status":"publish","type":"post","link":"https:\/\/www.ecuadortimes.net\/es\/supertel-desactiva-celulares-reportados-como-robados\/","title":{"rendered":"Supertel desactiva celulares reportados como robados"},"content":{"rendered":"<p><strong>La Superintendencia de Telecomunicaciones (Supertel) bloque\u00f3 permanentemente 165 000 tel\u00e9fonos m\u00f3viles que hab\u00edan sido reportados como robados.<\/strong><\/p>\n<p><strong>Seg\u00fan datos de Supertel, se detectaron cerca de 2,5 millones de dispositivos registrados de manera irregular y posteriormente se emiti\u00f3 una boleta de sanci\u00f3n para las tres empresas de telefon\u00eda m\u00f3vil que operan en el pa\u00eds.<\/strong><\/p>\n<p>Adem\u00e1s, la agencia reguladora inform\u00f3 que solo el 38 % de los equipos m\u00f3viles a nivel nacional se encuentra legalmente habilitado para funcionar.<\/p>\n<p>La Supertel comenz\u00f3 una campa\u00f1a a inicios del 2013 para combatir el robo de celulares en el Ecuador.<\/p>\n<div id=\"attachment_123293\" style=\"width: 360px\" class=\"wp-caption aligncenter\"><img aria-describedby=\"caption-attachment-123293\" loading=\"lazy\" class=\"size-full wp-image-123293\" title=\"El presidente de la Supertel, Fabi\u00e1n Jaramillo, indic\u00f3 que el procedimiento que realizaban los cachineros para que los tel\u00e9fonos presuntamente robados volvieran a estar operativos, era el uso de un software que duplicaba el IMEI (c\u00f3digo de identificaci\u00f3n del equipo a nivel mundial).\" src=\"http:\/\/media.ecuadortimes.net\/2013\/08\/supertel-desactiva-celulares-robados-l1.jpg\" alt=\"El presidente de la Supertel, Fabi\u00e1n Jaramillo, indic\u00f3 que el procedimiento que realizaban los cachineros para que los tel\u00e9fonos presuntamente robados volvieran a estar operativos, era el uso de un software que duplicaba el IMEI (c\u00f3digo de identificaci\u00f3n del equipo a nivel mundial).\" width=\"350\" height=\"366\" \/><p id=\"caption-attachment-123293\" class=\"wp-caption-text\">El presidente de la Supertel, Fabi\u00e1n Jaramillo, indic\u00f3 que el procedimiento que realizaban los cachineros para que los tel\u00e9fonos presuntamente robados volvieran a estar operativos, era el uso de un software que duplicaba el IMEI (c\u00f3digo de identificaci\u00f3n del equipo a nivel mundial).<\/p><\/div>\n","protected":false},"excerpt":{"rendered":"<p>La Superintendencia de Telecomunicaciones (Supertel) bloque\u00f3 permanentemente 165 000 tel\u00e9fonos m\u00f3viles que hab\u00edan sido reportados como robados. Seg\u00fan datos de Supertel, se detectaron cerca de 2,5 millones de dispositivos registrados de manera irregular y posteriormente se emiti\u00f3 una boleta de sanci\u00f3n para las tres empresas de telefon\u00eda m\u00f3vil que operan en el pa\u00eds. Adem\u00e1s, la agencia reguladora inform\u00f3 que solo el 38 % de los equipos m\u00f3viles a nivel nacional se encuentra legalmente habilitado para funcionar. La Supertel comenz\u00f3 una campa\u00f1a a inicios del 2013 para combatir el robo de celulares en el Ecuador.<\/p>\n","protected":false},"author":1,"featured_media":220122,"comment_status":"open","ping_status":"open","sticky":false,"template":"","format":"standard","meta":[],"categories":[41,37],"tags":[],"_links":{"self":[{"href":"https:\/\/www.ecuadortimes.net\/es\/wp-json\/wp\/v2\/posts\/220121"}],"collection":[{"href":"https:\/\/www.ecuadortimes.net\/es\/wp-json\/wp\/v2\/posts"}],"about":[{"href":"https:\/\/www.ecuadortimes.net\/es\/wp-json\/wp\/v2\/types\/post"}],"author":[{"embeddable":true,"href":"https:\/\/www.ecuadortimes.net\/es\/wp-json\/wp\/v2\/users\/1"}],"replies":[{"embeddable":true,"href":"https:\/\/www.ecuadortimes.net\/es\/wp-json\/wp\/v2\/comments?post=220121"}],"version-history":[{"count":0,"href":"https:\/\/www.ecuadortimes.net\/es\/wp-json\/wp\/v2\/posts\/220121\/revisions"}],"wp:featuredmedia":[{"embeddable":true,"href":"https:\/\/www.ecuadortimes.net\/es\/wp-json\/wp\/v2\/media\/220122"}],"wp:attachment":[{"href":"https:\/\/www.ecuadortimes.net\/es\/wp-json\/wp\/v2\/media?parent=220121"}],"wp:term":[{"taxonomy":"category","embeddable":true,"href":"https:\/\/www.ecuadortimes.net\/es\/wp-json\/wp\/v2\/categories?post=220121"},{"taxonomy":"post_tag","embeddable":true,"href":"https:\/\/www.ecuadortimes.net\/es\/wp-json\/wp\/v2\/tags?post=220121"}],"curies":[{"name":"wp","href":"https:\/\/api.w.org\/{rel}","templated":true}]}}