{"id":220123,"date":"2013-08-07T00:00:00","date_gmt":"2013-08-07T00:00:00","guid":{"rendered":"https:\/\/www.ecuadortimes.net\/es\/cne-definio-distritos-cantonales\/"},"modified":"2013-08-07T00:00:00","modified_gmt":"2013-08-07T00:00:00","slug":"cne-definio-distritos-cantonales","status":"publish","type":"post","link":"https:\/\/www.ecuadortimes.net\/es\/cne-definio-distritos-cantonales\/","title":{"rendered":"CNE defini\u00f3 distritos cantonales"},"content":{"rendered":"<p><strong>El lunes pasado, el Consejo Nacional Electoral (CNE) aprob\u00f3 finalmente la delimitaci\u00f3n geogr\u00e1fica para las elecciones seccionales de febrero de 2014, la cual consiste en subdividir 13 cantones en circunscripciones.<\/strong><\/p>\n<p>La decisi\u00f3n fue tomada seg\u00fan un estudio realizado por las direcciones de Coordinaci\u00f3n T\u00e9cnica de Procesos Electorales y Registro Electoral, el cual apunta a la creaci\u00f3n de un un equilibrio entre la poblaci\u00f3n de cada \u00e1rea y el n\u00famero de esca\u00f1os o dignidades a elegir.<\/p>\n<p>La subdivisi\u00f3n ser\u00e1 incorporada en la votaci\u00f3n de concejales, mientras que para la votaci\u00f3n del resto de dignidades (prefectos y viceprefectos, alcaldes, integrantes de Juntas Parroquiales Rurales), se usar\u00e1 el mismo sistema con el que se escogieron a los asamble\u00edstas de tres provincias en las elecciones de febrero pasado.<\/p>\n<p><strong>Las trece ciudades a ser subdivididas son: Guayaquil, Dur\u00e1n, Milagro, Quevedo, Machala, Esmeraldas, Manta, Portoviejo, Cuenca, Loja, Riobamba, Santo Domingo y Quito.<\/strong><\/p>\n<div id=\"attachment_123305\" style=\"width: 510px\" class=\"wp-caption aligncenter\"><img aria-describedby=\"caption-attachment-123305\" loading=\"lazy\" class=\"size-full wp-image-123305\" title=\"Miembros del CNE\" src=\"http:\/\/media.ecuadortimes.net\/2013\/08\/cne-distritos-cantonales-divididos-l1.jpg\" alt=\"Miembros del CNE\" width=\"500\" height=\"321\" \/><p id=\"caption-attachment-123305\" class=\"wp-caption-text\">Miembros del CNE<\/p><\/div>\n","protected":false},"excerpt":{"rendered":"<p>El lunes pasado, el Consejo Nacional Electoral (CNE) aprob\u00f3 finalmente la delimitaci\u00f3n geogr\u00e1fica para las elecciones seccionales de febrero de 2014, la cual consiste en subdividir 13 cantones en circunscripciones. La decisi\u00f3n fue tomada seg\u00fan un estudio realizado por las direcciones de Coordinaci\u00f3n T\u00e9cnica de Procesos Electorales y Registro Electoral, el cual apunta a la creaci\u00f3n de un un equilibrio entre la poblaci\u00f3n de cada \u00e1rea y el n\u00famero de esca\u00f1os o dignidades a elegir. La subdivisi\u00f3n ser\u00e1 incorporada en la votaci\u00f3n de concejales, mientras que para la votaci\u00f3n del resto de dignidades (prefectos y viceprefectos, alcaldes, integrantes de Juntas Parroquiales Rurales), se usar\u00e1 el mismo sistema con el que se escogieron a los asamble\u00edstas de tres provincias en las elecciones de febrero pasado. Las trece ciudades a ser subdivididas son: Guayaquil, Dur\u00e1n, Milagro, Quevedo, Machala, Esmeraldas, Manta, Portoviejo, Cuenca, Loja, Riobamba, Santo Domingo y Quito.<\/p>\n","protected":false},"author":1,"featured_media":220124,"comment_status":"open","ping_status":"open","sticky":false,"template":"","format":"standard","meta":[],"categories":[40,37],"tags":[],"_links":{"self":[{"href":"https:\/\/www.ecuadortimes.net\/es\/wp-json\/wp\/v2\/posts\/220123"}],"collection":[{"href":"https:\/\/www.ecuadortimes.net\/es\/wp-json\/wp\/v2\/posts"}],"about":[{"href":"https:\/\/www.ecuadortimes.net\/es\/wp-json\/wp\/v2\/types\/post"}],"author":[{"embeddable":true,"href":"https:\/\/www.ecuadortimes.net\/es\/wp-json\/wp\/v2\/users\/1"}],"replies":[{"embeddable":true,"href":"https:\/\/www.ecuadortimes.net\/es\/wp-json\/wp\/v2\/comments?post=220123"}],"version-history":[{"count":0,"href":"https:\/\/www.ecuadortimes.net\/es\/wp-json\/wp\/v2\/posts\/220123\/revisions"}],"wp:featuredmedia":[{"embeddable":true,"href":"https:\/\/www.ecuadortimes.net\/es\/wp-json\/wp\/v2\/media\/220124"}],"wp:attachment":[{"href":"https:\/\/www.ecuadortimes.net\/es\/wp-json\/wp\/v2\/media?parent=220123"}],"wp:term":[{"taxonomy":"category","embeddable":true,"href":"https:\/\/www.ecuadortimes.net\/es\/wp-json\/wp\/v2\/categories?post=220123"},{"taxonomy":"post_tag","embeddable":true,"href":"https:\/\/www.ecuadortimes.net\/es\/wp-json\/wp\/v2\/tags?post=220123"}],"curies":[{"name":"wp","href":"https:\/\/api.w.org\/{rel}","templated":true}]}}