{"id":220125,"date":"2013-08-07T00:00:00","date_gmt":"2013-08-07T00:00:00","guid":{"rendered":"https:\/\/www.ecuadortimes.net\/es\/hermanos-isaias-se-declaran-victimas-de-linchamiento-mediatico\/"},"modified":"2013-08-07T00:00:00","modified_gmt":"2013-08-07T00:00:00","slug":"hermanos-isaias-se-declaran-victimas-de-linchamiento-mediatico","status":"publish","type":"post","link":"https:\/\/www.ecuadortimes.net\/es\/hermanos-isaias-se-declaran-victimas-de-linchamiento-mediatico\/","title":{"rendered":"Hermanos Isa\u00edas se declaran v\u00edctimas de linchamiento medi\u00e1tico"},"content":{"rendered":"<p><strong>El Tel\u00e9grafo nos lincha\u009d, dicen los hermanos Roberto y William Isa\u00edas, a trav\u00e9s de su defensa jur\u00eddica, la cual se basa en el art\u00edculo 26 de la recientemente aprobada Ley de Comunicaci\u00f3n, para denunciar las publicaciones realizadas la semana pasada en ese diario.<\/strong><\/p>\n<div id=\"attachment_123318\" style=\"width: 510px\" class=\"wp-caption aligncenter\"><img aria-describedby=\"caption-attachment-123318\" loading=\"lazy\" class=\"size-full wp-image-123318\" title=\"Hermanos Roberto y William Isa\u00edas.\" src=\"http:\/\/media.ecuadortimes.net\/2013\/08\/isaias-reclaman-linchamiento-mediatico-telegrafo-l1.jpg\" alt=\"Hermanos Roberto y William Isa\u00edas.\" width=\"500\" height=\"331\" \/><p id=\"caption-attachment-123318\" class=\"wp-caption-text\">Hermanos Roberto y William Isa\u00edas.<\/p><\/div>\n<p>El abogado principal de los exdue\u00f1os de Filanbanco, Xavier Castro, envi\u00f3 una carta al director del medio p\u00fablico, Orlando P\u00e9rez, solicitando informaci\u00f3n sobre los autores de las publicaciones y copias de las instrucciones u \u00f3rdenes superiores recibidas\u009dque habr\u00edan avalado la decisi\u00f3n de publicar dicho contenido.<\/p>\n<p>P\u00e9rez respondi\u00f3 que si consideran que hay un linchamiento medi\u00e1tico, lo m\u00e1s prudente es que vengan al Ecuador pongan una demanda en el Consejo de Regulaci\u00f3n y afronten sus responsabilidades ciudadanas al respecto\u009d.<\/p>\n<p><strong>El Tel\u00e9grafo bombarde\u00f3 el tema Isa\u00edas la semana pasada con varias publicaciones tildadas de ofensivas y perjudiciales\u009d por la defensa de los empresarios, entre ellas:<\/strong><\/p>\n<p><a title=\"http:\/\/www.telegrafo.com.ec\/multimedia\/item\/propiedades-y-empresas-incautadas-de-los-hermanos-isaias.html\" href=\"http:\/\/www.telegrafo.com.ec\/multimedia\/item\/propiedades-y-empresas-incautadas-de-los-hermanos-isaias.html\"><strong>Propiedades y empresas incautadas de los hermanos Isa\u00edas (28 de julio)<\/strong><\/a><\/p>\n<p><a title=\"http:\/\/www.telegrafo.com.ec\/actualidad\/item\/el-poder-de-los-isaias-se-afirma-en-los-estados-unidos.html\" href=\"http:\/\/www.telegrafo.com.ec\/actualidad\/item\/el-poder-de-los-isaias-se-afirma-en-los-estados-unidos.html\"><strong>El poder de los Isa\u00edas se afirma en los Estados Unidos (29 de julio)<\/strong><\/a><\/p>\n<p><a title=\"http:\/\/www.telegrafo.com.ec\/opinion\/editoriales\/item\/cual-es-la-responsabilidad-de-los-isaias.html\" href=\"http:\/\/www.telegrafo.com.ec\/opinion\/editoriales\/item\/cual-es-la-responsabilidad-de-los-isaias.html\"><strong>\u00bfCu\u00e1l es la responsabilidad de los Isa\u00edas? (30 de julio)<\/strong><\/a><\/p>\n<p><a title=\"http:\/\/www.telegrafo.com.ec\/actualidad\/item\/defensa-de-los-isaias-dice-que-sentencia-no-tiene-validez.html\" href=\"http:\/\/www.telegrafo.com.ec\/actualidad\/item\/defensa-de-los-isaias-dice-que-sentencia-no-tiene-validez.html\"><strong>Defensa de los Isa\u00edas dice que sentencia no tiene validez (30 de julio)<\/strong><\/a><\/p>\n<p><a title=\"http:\/\/www.telegrafo.com.ec\/actualidad\/item\/el-poder-de-los-isaias-ligado-a-la-politica-en-ecuador-y-ee-uu.html\" href=\"http:\/\/www.telegrafo.com.ec\/actualidad\/item\/el-poder-de-los-isaias-ligado-a-la-politica-en-ecuador-y-ee-uu.html\"><strong>El poder de los Isa\u00edas, ligado a la pol\u00edtica en Ecuador y EE.UU. (31 de julio)<\/strong><\/a><\/p>\n","protected":false},"excerpt":{"rendered":"<p>El Tel\u00e9grafo nos lincha\u009d, dicen los hermanos Roberto y William Isa\u00edas, a trav\u00e9s de su defensa jur\u00eddica, la cual se basa en el art\u00edculo 26 de la recientemente aprobada Ley de Comunicaci\u00f3n, para denunciar las publicaciones realizadas la semana pasada en ese diario. El abogado principal de los exdue\u00f1os de Filanbanco, Xavier Castro, envi\u00f3 una carta al director del medio p\u00fablico, Orlando P\u00e9rez, solicitando informaci\u00f3n sobre los autores de las publicaciones y copias de las instrucciones u \u00f3rdenes superiores recibidas\u009dque habr\u00edan avalado la decisi\u00f3n de publicar dicho contenido. P\u00e9rez respondi\u00f3 que si consideran que hay un linchamiento medi\u00e1tico, lo m\u00e1s prudente es que vengan al Ecuador pongan una demanda en el Consejo de Regulaci\u00f3n y afronten sus responsabilidades ciudadanas al respecto\u009d. El Tel\u00e9grafo bombarde\u00f3 el tema Isa\u00edas la semana pasada con varias publicaciones tildadas de ofensivas y perjudiciales\u009d por la defensa de los empresarios, entre ellas: Propiedades y empresas incautadas de los hermanos Isa\u00edas (28 de julio) El poder de los Isa\u00edas se afirma en los Estados Unidos (29 de julio) \u00bfCu\u00e1l es la responsabilidad de los Isa\u00edas? (30 de julio) Defensa de los Isa\u00edas dice que sentencia no tiene validez (30 de julio) El poder de los Isa\u00edas, ligado a la pol\u00edtica en Ecuador y EE.UU. (31 de julio)<\/p>\n","protected":false},"author":1,"featured_media":220126,"comment_status":"open","ping_status":"open","sticky":false,"template":"","format":"standard","meta":[],"categories":[43,37],"tags":[],"_links":{"self":[{"href":"https:\/\/www.ecuadortimes.net\/es\/wp-json\/wp\/v2\/posts\/220125"}],"collection":[{"href":"https:\/\/www.ecuadortimes.net\/es\/wp-json\/wp\/v2\/posts"}],"about":[{"href":"https:\/\/www.ecuadortimes.net\/es\/wp-json\/wp\/v2\/types\/post"}],"author":[{"embeddable":true,"href":"https:\/\/www.ecuadortimes.net\/es\/wp-json\/wp\/v2\/users\/1"}],"replies":[{"embeddable":true,"href":"https:\/\/www.ecuadortimes.net\/es\/wp-json\/wp\/v2\/comments?post=220125"}],"version-history":[{"count":0,"href":"https:\/\/www.ecuadortimes.net\/es\/wp-json\/wp\/v2\/posts\/220125\/revisions"}],"wp:featuredmedia":[{"embeddable":true,"href":"https:\/\/www.ecuadortimes.net\/es\/wp-json\/wp\/v2\/media\/220126"}],"wp:attachment":[{"href":"https:\/\/www.ecuadortimes.net\/es\/wp-json\/wp\/v2\/media?parent=220125"}],"wp:term":[{"taxonomy":"category","embeddable":true,"href":"https:\/\/www.ecuadortimes.net\/es\/wp-json\/wp\/v2\/categories?post=220125"},{"taxonomy":"post_tag","embeddable":true,"href":"https:\/\/www.ecuadortimes.net\/es\/wp-json\/wp\/v2\/tags?post=220125"}],"curies":[{"name":"wp","href":"https:\/\/api.w.org\/{rel}","templated":true}]}}