{"id":220131,"date":"2013-08-07T00:00:00","date_gmt":"2013-08-07T00:00:00","guid":{"rendered":"https:\/\/www.ecuadortimes.net\/es\/comisiones-indigenas-buscan-dialogo-con-el-regimen\/"},"modified":"2013-08-07T00:00:00","modified_gmt":"2013-08-07T00:00:00","slug":"comisiones-indigenas-buscan-dialogo-con-el-regimen","status":"publish","type":"post","link":"https:\/\/www.ecuadortimes.net\/es\/comisiones-indigenas-buscan-dialogo-con-el-regimen\/","title":{"rendered":"Comisiones ind\u00edgenas buscan di\u00e1logo con el r\u00e9gimen"},"content":{"rendered":"<div id=\"attachment_123338\" style=\"width: 310px\" class=\"wp-caption alignleft\"><img aria-describedby=\"caption-attachment-123338\" loading=\"lazy\" class=\"size-medium wp-image-123338\" title=\"Carlos P\u00e9rez\" src=\"http:\/\/media.ecuadortimes.net\/2013\/08\/Carlos-Perez3-300x225.jpg\" alt=\"Carlos P\u00e9rez\" width=\"300\" height=\"225\" \/><p id=\"caption-attachment-123338\" class=\"wp-caption-text\">Carlos P\u00e9rez<\/p><\/div>\n<p><strong>La Confederaci\u00f3n de Nacionalidades Ind\u00edgenas del Ecuador (Conaie), junto a una comisi\u00f3n t\u00e9cnica de la Ecuarunari, realizar\u00e1 una agenda con los temas que se debatir\u00edan en el posible di\u00e1logo con el Gobierno.<\/strong><\/p>\n<p>Ayer la <strong>Ecuarunari<\/strong>, filial de la Sierra de la <strong>Conaie<\/strong>, dirigi\u00f3 un consejo ampliado de la organizaci\u00f3n donde se definieron los temas a dialogar. Pese a esto, el l\u00edder del r\u00e9gimen debe crear las m\u00ednimas\u00a0 condiciones, as\u00ed lo indico el presidente de la organizaci\u00f3n, <strong>Carlos<\/strong> <strong>P\u00e9rez<\/strong>.<\/p>\n<p><strong>Algunas condiciones son<\/strong>: que se detenga la miner\u00eda; se derogue el decreto ejecutivo N\u00ba 16 que reglamenta el funcionamiento del Sistema Unificado de Informaci\u00f3n de las Organizaciones Sociales y Ciudadanas; que regrese la educaci\u00f3n intercultural biling\u00fce; se pare la criminalizaci\u00f3n de la protesta ind\u00edgena; se integre el transporte comunitario en las reformas a la Ley de Tr\u00e1nsito; y detener los impuestos.<\/p>\n<p>Estas acciones hacen que el Gobierno divida la organizaci\u00f3n <strong><em>pr\u00e1cticamente intimidan pero no tenemos miedo, no vamos a salir corriendo del pa\u00eds, nos quedaremos luchando<\/em><\/strong>\u009d, dijo P\u00e9rez, quien sigue con su postura radical y no desestim\u00f3 que se realicen m\u00e1s marchas.<\/p>\n","protected":false},"excerpt":{"rendered":"<p>La Confederaci\u00f3n de Nacionalidades Ind\u00edgenas del Ecuador (Conaie), junto a una comisi\u00f3n t\u00e9cnica de la Ecuarunari, realizar\u00e1 una agenda con los temas que se debatir\u00edan en el posible di\u00e1logo con el Gobierno. Ayer la Ecuarunari, filial de la Sierra de la Conaie, dirigi\u00f3 un consejo ampliado de la organizaci\u00f3n donde se definieron los temas a dialogar. Pese a esto, el l\u00edder del r\u00e9gimen debe crear las m\u00ednimas\u00a0 condiciones, as\u00ed lo indico el presidente de la organizaci\u00f3n, Carlos P\u00e9rez. Algunas condiciones son: que se detenga la miner\u00eda; se derogue el decreto ejecutivo N\u00ba 16 que reglamenta el funcionamiento del Sistema Unificado de Informaci\u00f3n de las Organizaciones Sociales y Ciudadanas; que regrese la educaci\u00f3n intercultural biling\u00fce; se pare la criminalizaci\u00f3n de la protesta ind\u00edgena; se integre el transporte comunitario en las reformas a la Ley de Tr\u00e1nsito; y detener los impuestos. Estas acciones hacen que el Gobierno divida la organizaci\u00f3n pr\u00e1cticamente intimidan pero no tenemos miedo, no vamos a salir corriendo del pa\u00eds, nos quedaremos luchando\u009d, dijo P\u00e9rez, quien sigue con su postura radical y no desestim\u00f3 que se realicen m\u00e1s marchas.<\/p>\n","protected":false},"author":1,"featured_media":220132,"comment_status":"open","ping_status":"open","sticky":false,"template":"","format":"standard","meta":[],"categories":[40,37],"tags":[],"_links":{"self":[{"href":"https:\/\/www.ecuadortimes.net\/es\/wp-json\/wp\/v2\/posts\/220131"}],"collection":[{"href":"https:\/\/www.ecuadortimes.net\/es\/wp-json\/wp\/v2\/posts"}],"about":[{"href":"https:\/\/www.ecuadortimes.net\/es\/wp-json\/wp\/v2\/types\/post"}],"author":[{"embeddable":true,"href":"https:\/\/www.ecuadortimes.net\/es\/wp-json\/wp\/v2\/users\/1"}],"replies":[{"embeddable":true,"href":"https:\/\/www.ecuadortimes.net\/es\/wp-json\/wp\/v2\/comments?post=220131"}],"version-history":[{"count":0,"href":"https:\/\/www.ecuadortimes.net\/es\/wp-json\/wp\/v2\/posts\/220131\/revisions"}],"wp:featuredmedia":[{"embeddable":true,"href":"https:\/\/www.ecuadortimes.net\/es\/wp-json\/wp\/v2\/media\/220132"}],"wp:attachment":[{"href":"https:\/\/www.ecuadortimes.net\/es\/wp-json\/wp\/v2\/media?parent=220131"}],"wp:term":[{"taxonomy":"category","embeddable":true,"href":"https:\/\/www.ecuadortimes.net\/es\/wp-json\/wp\/v2\/categories?post=220131"},{"taxonomy":"post_tag","embeddable":true,"href":"https:\/\/www.ecuadortimes.net\/es\/wp-json\/wp\/v2\/tags?post=220131"}],"curies":[{"name":"wp","href":"https:\/\/api.w.org\/{rel}","templated":true}]}}