{"id":220133,"date":"2013-08-07T00:00:00","date_gmt":"2013-08-07T00:00:00","guid":{"rendered":"https:\/\/www.ecuadortimes.net\/es\/diario-hoy-enfrenta-huelga-de-empleados-por-impagos\/"},"modified":"2013-08-07T00:00:00","modified_gmt":"2013-08-07T00:00:00","slug":"diario-hoy-enfrenta-huelga-de-empleados-por-impagos","status":"publish","type":"post","link":"https:\/\/www.ecuadortimes.net\/es\/diario-hoy-enfrenta-huelga-de-empleados-por-impagos\/","title":{"rendered":"Diario Hoy enfrenta huelga de empleados por impagos"},"content":{"rendered":"<div id=\"attachment_123345\" style=\"width: 310px\" class=\"wp-caption alignleft\"><img aria-describedby=\"caption-attachment-123345\" loading=\"lazy\" class=\"size-medium wp-image-123345\" title=\"Diario Hoy enfrenta huelga por impagos\" src=\"http:\/\/media.ecuadortimes.net\/2013\/08\/Diario-Hoy-is-corrupt2-300x225.jpg\" alt=\"Diario Hoy enfrenta huelga por impagos\" width=\"300\" height=\"225\" \/><p id=\"caption-attachment-123345\" class=\"wp-caption-text\">Diario Hoy enfrenta huelga por impagos<\/p><\/div>\n<p><strong>Cerca de una hora y media los trabajadores de Diario Hoy se reunieron con Jaime Mantilla, actual due\u00f1o del medio y tambi\u00e9n presidente de la Sociedad Interamericana de Prensa (SIP), para indicarle su descontento por los atrasos en los salarios y otros incumplimientos legales.<\/strong><\/p>\n<p>Despu\u00e9s de reunirse con periodistas y el personal de otras \u00e1reas, los empleados reanudaron sus labores a pesar de que no tuvieron respuesta a sus reclamos.<\/p>\n<p>Por la ma\u00f1ana, el grupo de periodistas de Diario Hoy inform\u00f3 a la agencia Andes que los miembros de la prensa est\u00e1n agotados de los incumplimientos de Mantilla.<\/p>\n<p><strong><em>Estamos impagos m\u00e1s de un mes. Vivimos cada mes con promesas que no se cumplen. \u00bfAcaso de eso se come?<\/em><\/strong>\u009d, indic\u00f3 uno de los manifestantes.<\/p>\n","protected":false},"excerpt":{"rendered":"<p>Cerca de una hora y media los trabajadores de Diario Hoy se reunieron con Jaime Mantilla, actual due\u00f1o del medio y tambi\u00e9n presidente de la Sociedad Interamericana de Prensa (SIP), para indicarle su descontento por los atrasos en los salarios y otros incumplimientos legales. Despu\u00e9s de reunirse con periodistas y el personal de otras \u00e1reas, los empleados reanudaron sus labores a pesar de que no tuvieron respuesta a sus reclamos. Por la ma\u00f1ana, el grupo de periodistas de Diario Hoy inform\u00f3 a la agencia Andes que los miembros de la prensa est\u00e1n agotados de los incumplimientos de Mantilla. Estamos impagos m\u00e1s de un mes. Vivimos cada mes con promesas que no se cumplen. \u00bfAcaso de eso se come?\u009d, indic\u00f3 uno de los manifestantes.<\/p>\n","protected":false},"author":1,"featured_media":220134,"comment_status":"open","ping_status":"open","sticky":false,"template":"","format":"standard","meta":[],"categories":[40,37],"tags":[],"_links":{"self":[{"href":"https:\/\/www.ecuadortimes.net\/es\/wp-json\/wp\/v2\/posts\/220133"}],"collection":[{"href":"https:\/\/www.ecuadortimes.net\/es\/wp-json\/wp\/v2\/posts"}],"about":[{"href":"https:\/\/www.ecuadortimes.net\/es\/wp-json\/wp\/v2\/types\/post"}],"author":[{"embeddable":true,"href":"https:\/\/www.ecuadortimes.net\/es\/wp-json\/wp\/v2\/users\/1"}],"replies":[{"embeddable":true,"href":"https:\/\/www.ecuadortimes.net\/es\/wp-json\/wp\/v2\/comments?post=220133"}],"version-history":[{"count":0,"href":"https:\/\/www.ecuadortimes.net\/es\/wp-json\/wp\/v2\/posts\/220133\/revisions"}],"wp:featuredmedia":[{"embeddable":true,"href":"https:\/\/www.ecuadortimes.net\/es\/wp-json\/wp\/v2\/media\/220134"}],"wp:attachment":[{"href":"https:\/\/www.ecuadortimes.net\/es\/wp-json\/wp\/v2\/media?parent=220133"}],"wp:term":[{"taxonomy":"category","embeddable":true,"href":"https:\/\/www.ecuadortimes.net\/es\/wp-json\/wp\/v2\/categories?post=220133"},{"taxonomy":"post_tag","embeddable":true,"href":"https:\/\/www.ecuadortimes.net\/es\/wp-json\/wp\/v2\/tags?post=220133"}],"curies":[{"name":"wp","href":"https:\/\/api.w.org\/{rel}","templated":true}]}}