{"id":220143,"date":"2013-08-08T00:00:00","date_gmt":"2013-08-08T00:00:00","guid":{"rendered":"https:\/\/www.ecuadortimes.net\/es\/andrea-casiraghi-y-tatiana-santo-domingo-fijan-fecha-de-boda\/"},"modified":"2013-08-08T00:00:00","modified_gmt":"2013-08-08T00:00:00","slug":"andrea-casiraghi-y-tatiana-santo-domingo-fijan-fecha-de-boda","status":"publish","type":"post","link":"https:\/\/www.ecuadortimes.net\/es\/andrea-casiraghi-y-tatiana-santo-domingo-fijan-fecha-de-boda\/","title":{"rendered":"Andrea Casiraghi y Tatiana Santo Domingo fijan fecha de boda"},"content":{"rendered":"<p>&nbsp;<\/p>\n<p><img loading=\"lazy\" class=\"size-medium wp-image-123394 alignleft\" title=\"Andrea Casiraghi yTatiana SantoDomingo\" src=\"http:\/\/media.ecuadortimes.net\/2013\/08\/Andrea-Casiraghi-yTatiana-SantoDomingo1-211x300.jpg\" alt=\"\" width=\"211\" height=\"300\" \/>De acuerdo con la publicaci\u00f3n de &#8216;Paris Match&#8217;, el nieto de Grace Kelly e hijo de Carolina de M\u00f3naco, Andrea Casiraghi contraer\u00eda matrimonio este 31 de agosto con su novia de siete a\u00f1os, la magnate Tatiana Santo Domingo.<\/p>\n<p>Andrea y Tatiana, ambos de 29 a\u00f1os, tienen un hijo en com\u00fan, Sasha (diminutivo de Alexander), que naci\u00f3 el pasado 23 de marzo en Londres. La ceremonia ya hab\u00eda sido retrasada por el embarazo de Tatiana.<\/p>\n<p>Seg\u00fan un comunicado oficial emitido por Carolina de Hannover, la boda tendr\u00e1 lugar en M\u00f3naco.<\/p>\n","protected":false},"excerpt":{"rendered":"<p>&nbsp; De acuerdo con la publicaci\u00f3n de &#8216;Paris Match&#8217;, el nieto de Grace Kelly e hijo de Carolina de M\u00f3naco, Andrea Casiraghi contraer\u00eda matrimonio este 31 de agosto con su novia de siete a\u00f1os, la magnate Tatiana Santo Domingo. Andrea y Tatiana, ambos de 29 a\u00f1os, tienen un hijo en com\u00fan, Sasha (diminutivo de Alexander), que naci\u00f3 el pasado 23 de marzo en Londres. La ceremonia ya hab\u00eda sido retrasada por el embarazo de Tatiana. Seg\u00fan un comunicado oficial emitido por Carolina de Hannover, la boda tendr\u00e1 lugar en M\u00f3naco.<\/p>\n","protected":false},"author":1,"featured_media":220144,"comment_status":"open","ping_status":"open","sticky":false,"template":"","format":"standard","meta":[],"categories":[44,37],"tags":[],"_links":{"self":[{"href":"https:\/\/www.ecuadortimes.net\/es\/wp-json\/wp\/v2\/posts\/220143"}],"collection":[{"href":"https:\/\/www.ecuadortimes.net\/es\/wp-json\/wp\/v2\/posts"}],"about":[{"href":"https:\/\/www.ecuadortimes.net\/es\/wp-json\/wp\/v2\/types\/post"}],"author":[{"embeddable":true,"href":"https:\/\/www.ecuadortimes.net\/es\/wp-json\/wp\/v2\/users\/1"}],"replies":[{"embeddable":true,"href":"https:\/\/www.ecuadortimes.net\/es\/wp-json\/wp\/v2\/comments?post=220143"}],"version-history":[{"count":0,"href":"https:\/\/www.ecuadortimes.net\/es\/wp-json\/wp\/v2\/posts\/220143\/revisions"}],"wp:featuredmedia":[{"embeddable":true,"href":"https:\/\/www.ecuadortimes.net\/es\/wp-json\/wp\/v2\/media\/220144"}],"wp:attachment":[{"href":"https:\/\/www.ecuadortimes.net\/es\/wp-json\/wp\/v2\/media?parent=220143"}],"wp:term":[{"taxonomy":"category","embeddable":true,"href":"https:\/\/www.ecuadortimes.net\/es\/wp-json\/wp\/v2\/categories?post=220143"},{"taxonomy":"post_tag","embeddable":true,"href":"https:\/\/www.ecuadortimes.net\/es\/wp-json\/wp\/v2\/tags?post=220143"}],"curies":[{"name":"wp","href":"https:\/\/api.w.org\/{rel}","templated":true}]}}